{"id":2598,"date":"2025-07-18T00:03:59","date_gmt":"2025-07-17T22:03:59","guid":{"rendered":"https:\/\/drapeaux-lesbienne.fr\/condamnation-de-lassurance-maladie-pour-refus-de-prise-en-charge-des-transitions-de-genre\/"},"modified":"2025-07-27T15:42:33","modified_gmt":"2025-07-27T13:42:33","slug":"condamnation-de-lassurance-maladie-pour-refus-de-prise-en-charge-des-transitions-de-genre","status":"publish","type":"post","link":"https:\/\/drapeaux-lesbienne.fr\/it\/condamnation-de-lassurance-maladie-pour-refus-de-prise-en-charge-des-transitions-de-genre\/","title":{"rendered":"Condamnation de l&rsquo;Assurance Maladie pour refus de prise en charge des transitions de genre"},"content":{"rendered":"<p>L&rsquo;Assurance Maladie a \u00e9t\u00e9 condamn\u00e9e \u00e0 tort par le tribunal judiciaire de Bobigny pour avoir refus\u00e9 la couverture de soins li\u00e9s \u00e0 la transition de genre de deux jeunes hommes. Chacun des plaignants s&rsquo;est vu accorder 3 000 \u20ac de dommages et int\u00e9r\u00eats.<\/p>\n<p>Premier assur\u00e9 :<br \/>\nEn janvier 2020, un patient a obtenu la reconnaissance de sa dysphorie de genre comme une affection longue dur\u00e9e, lui donnant droit \u00e0 une prise en charge \u00e0 100 %. Malgr\u00e9 cela, la CPAM a refus\u00e9 de financer sa mastectomie bilat\u00e9rale en f\u00e9vrier 2021. Suite \u00e0 la d\u00e9cision du tribunal, la CPAM doit lui rembourser plus de 5 300 \u20ac correspondant aux frais et honoraires.<\/p>\n<p>Deuxi\u00e8me assur\u00e9 :<br \/>\nLe tribunal a \u00e9galement reconnu l&rsquo;affection longue dur\u00e9e pour le deuxi\u00e8me plaignant, invalidant le refus initial de la CPAM de Seine-Saint-Denis.<\/p>\n<p>Protocoles obsol\u00e8tes et in\u00e9galit\u00e9 territoriale :<br \/>\nLa CPAM avait justifi\u00e9 son refus en se basant sur un protocole d\u00e9pass\u00e9 de 1989, imposant un suivi m\u00e9dical sp\u00e9cifique. Le tribunal a rappel\u00e9 que ces exigences ne sont plus en vigueur et cr\u00e9ent une in\u00e9galit\u00e9 d&rsquo;acc\u00e8s aux soins en fonction de l&rsquo;identit\u00e9 de genre.<\/p>\n<p>Une victoire contre la transphobie institutionnelle :<br \/>\nPour Me Laura Gandonou, avocate des deux hommes, cette d\u00e9cision est une victoire contre la transphobie institutionnelle. Elle souligne le lien entre l&rsquo;acc\u00e8s aux soins et la transidentit\u00e9.<\/p>\n<p>Effet boule de neige des recours :<br \/>\nCe jugement s&rsquo;inscrit dans une tendance r\u00e9cente, avec d&rsquo;autres condamnations de CPAM pour des cas similaires. Un collectif aid\u00e9 par Me Gandonou m\u00e8ne plusieurs actions judiciaires contre d&rsquo;autres CPAM.<\/p>\n<p>En conclusion, cette d\u00e9cision de Bobigny renforce un pr\u00e9c\u00e9dent judiciaire favorable \u00e0 la reconnaissance et \u00e0 la prise en charge de la transition de genre en France.<\/p>","protected":false},"excerpt":{"rendered":"<p>L&rsquo;Assurance Maladie a \u00e9t\u00e9 condamn\u00e9e \u00e0 tort par le tribunal judiciaire de Bobigny pour avoir refus\u00e9 la couverture de soins li\u00e9s \u00e0 la transition de genre de deux jeunes hommes. Chacun des plaignants s&rsquo;est vu accorder 3 000 \u20ac de dommages et int\u00e9r\u00eats. Premier assur\u00e9 : En janvier 2020, un patient a obtenu la reconnaissance&hellip;&nbsp;<a href=\"https:\/\/drapeaux-lesbienne.fr\/it\/condamnation-de-lassurance-maladie-pour-refus-de-prise-en-charge-des-transitions-de-genre\/\" rel=\"bookmark\"><span class=\"screen-reader-text\">Condamnation de l&rsquo;Assurance Maladie pour refus de prise en charge des transitions de genre<\/span><\/a><\/p>","protected":false},"author":1,"featured_media":2754,"comment_status":"open","ping_status":"open","sticky":false,"template":"","format":"standard","meta":{"neve_meta_sidebar":"","neve_meta_container":"","neve_meta_enable_content_width":"","neve_meta_content_width":0,"neve_meta_title_alignment":"","neve_meta_author_avatar":"","neve_post_elements_order":"","neve_meta_disable_header":"","neve_meta_disable_footer":"","neve_meta_disable_title":"","_jetpack_memberships_contains_paid_content":false,"footnotes":""},"categories":[40],"tags":[],"class_list":["post-2598","post","type-post","status-publish","format-standard","has-post-thumbnail","hentry","category-actualites-news-lgbt"],"yoast_head":"<!-- This site is optimized with the Yoast SEO plugin v26.8 - https:\/\/yoast.com\/product\/yoast-seo-wordpress\/ -->\n<title>Condamnation de l&#039;Assurance Maladie pour refus de prise en charge des transitions de genre - Drapeau Lesbienne<\/title>\n<meta name=\"robots\" content=\"index, follow, max-snippet:-1, max-image-preview:large, max-video-preview:-1\" \/>\n<link rel=\"canonical\" href=\"https:\/\/drapeaux-lesbienne.fr\/it\/condamnation-de-lassurance-maladie-pour-refus-de-prise-en-charge-des-transitions-de-genre\/\" \/>\n<meta property=\"og:locale\" content=\"it_IT\" \/>\n<meta property=\"og:type\" content=\"article\" \/>\n<meta property=\"og:title\" content=\"Condamnation de l&#039;Assurance Maladie pour refus de prise en charge des transitions de genre - Drapeau Lesbienne\" \/>\n<meta property=\"og:description\" content=\"L&rsquo;Assurance Maladie a \u00e9t\u00e9 condamn\u00e9e \u00e0 tort par le tribunal judiciaire de Bobigny pour avoir refus\u00e9 la couverture de soins li\u00e9s \u00e0 la transition de genre de deux jeunes hommes. Chacun des plaignants s&rsquo;est vu accorder 3 000 \u20ac de dommages et int\u00e9r\u00eats. Premier assur\u00e9 : En janvier 2020, un patient a obtenu la reconnaissance&hellip;&nbsp;Condamnation de l&rsquo;Assurance Maladie pour refus de prise en charge des transitions de genre\" \/>\n<meta property=\"og:url\" content=\"https:\/\/drapeaux-lesbienne.fr\/it\/condamnation-de-lassurance-maladie-pour-refus-de-prise-en-charge-des-transitions-de-genre\/\" \/>\n<meta property=\"og:site_name\" content=\"Drapeau Lesbienne\" \/>\n<meta property=\"article:published_time\" content=\"2025-07-17T22:03:59+00:00\" \/>\n<meta property=\"article:modified_time\" content=\"2025-07-27T13:42:33+00:00\" \/>\n<meta property=\"og:image\" content=\"http:\/\/drapeaux-lesbienne.fr\/wp-content\/uploads\/2025\/07\/68862cc183a7d.png\" \/>\n\t<meta property=\"og:image:width\" content=\"1024\" \/>\n\t<meta property=\"og:image:height\" content=\"1024\" \/>\n\t<meta property=\"og:image:type\" content=\"image\/png\" \/>\n<meta name=\"author\" content=\"Maria458\" \/>\n<meta name=\"twitter:card\" content=\"summary_large_image\" \/>\n<meta name=\"twitter:creator\" content=\"@drapeaulesbien\" \/>\n<meta name=\"twitter:label1\" content=\"Scritto da\" \/>\n\t<meta name=\"twitter:data1\" content=\"Maria458\" \/>\n\t<meta name=\"twitter:label2\" content=\"Tempo di lettura stimato\" \/>\n\t<meta name=\"twitter:data2\" content=\"2 minuti\" \/>\n<script type=\"application\/ld+json\" class=\"yoast-schema-graph\">{\"@context\":\"https:\/\/schema.org\",\"@graph\":[{\"@type\":\"Article\",\"@id\":\"https:\/\/drapeaux-lesbienne.fr\/condamnation-de-lassurance-maladie-pour-refus-de-prise-en-charge-des-transitions-de-genre\/#article\",\"isPartOf\":{\"@id\":\"https:\/\/drapeaux-lesbienne.fr\/condamnation-de-lassurance-maladie-pour-refus-de-prise-en-charge-des-transitions-de-genre\/\"},\"author\":{\"name\":\"Maria458\",\"@id\":\"https:\/\/drapeaux-lesbienne.fr\/#\/schema\/person\/a8b5bccdc811cdee38d3b61eb337fd14\"},\"headline\":\"Condamnation de l&rsquo;Assurance Maladie pour refus de prise en charge des transitions de genre\",\"datePublished\":\"2025-07-17T22:03:59+00:00\",\"dateModified\":\"2025-07-27T13:42:33+00:00\",\"mainEntityOfPage\":{\"@id\":\"https:\/\/drapeaux-lesbienne.fr\/condamnation-de-lassurance-maladie-pour-refus-de-prise-en-charge-des-transitions-de-genre\/\"},\"wordCount\":301,\"commentCount\":0,\"publisher\":{\"@id\":\"https:\/\/drapeaux-lesbienne.fr\/#organization\"},\"image\":{\"@id\":\"https:\/\/drapeaux-lesbienne.fr\/condamnation-de-lassurance-maladie-pour-refus-de-prise-en-charge-des-transitions-de-genre\/#primaryimage\"},\"thumbnailUrl\":\"https:\/\/i0.wp.com\/drapeaux-lesbienne.fr\/wp-content\/uploads\/2025\/07\/68862cc183a7d.png?fit=1024%2C1024&ssl=1\",\"articleSection\":[\"Actualit\u00e9s News LGBT\"],\"inLanguage\":\"it-IT\",\"potentialAction\":[{\"@type\":\"CommentAction\",\"name\":\"Comment\",\"target\":[\"https:\/\/drapeaux-lesbienne.fr\/condamnation-de-lassurance-maladie-pour-refus-de-prise-en-charge-des-transitions-de-genre\/#respond\"]}]},{\"@type\":\"WebPage\",\"@id\":\"https:\/\/drapeaux-lesbienne.fr\/condamnation-de-lassurance-maladie-pour-refus-de-prise-en-charge-des-transitions-de-genre\/\",\"url\":\"https:\/\/drapeaux-lesbienne.fr\/condamnation-de-lassurance-maladie-pour-refus-de-prise-en-charge-des-transitions-de-genre\/\",\"name\":\"Condamnation de l'Assurance Maladie pour refus de prise en charge des transitions de genre - Drapeau Lesbienne\",\"isPartOf\":{\"@id\":\"https:\/\/drapeaux-lesbienne.fr\/#website\"},\"primaryImageOfPage\":{\"@id\":\"https:\/\/drapeaux-lesbienne.fr\/condamnation-de-lassurance-maladie-pour-refus-de-prise-en-charge-des-transitions-de-genre\/#primaryimage\"},\"image\":{\"@id\":\"https:\/\/drapeaux-lesbienne.fr\/condamnation-de-lassurance-maladie-pour-refus-de-prise-en-charge-des-transitions-de-genre\/#primaryimage\"},\"thumbnailUrl\":\"https:\/\/i0.wp.com\/drapeaux-lesbienne.fr\/wp-content\/uploads\/2025\/07\/68862cc183a7d.png?fit=1024%2C1024&ssl=1\",\"datePublished\":\"2025-07-17T22:03:59+00:00\",\"dateModified\":\"2025-07-27T13:42:33+00:00\",\"breadcrumb\":{\"@id\":\"https:\/\/drapeaux-lesbienne.fr\/condamnation-de-lassurance-maladie-pour-refus-de-prise-en-charge-des-transitions-de-genre\/#breadcrumb\"},\"inLanguage\":\"it-IT\",\"potentialAction\":[{\"@type\":\"ReadAction\",\"target\":[\"https:\/\/drapeaux-lesbienne.fr\/condamnation-de-lassurance-maladie-pour-refus-de-prise-en-charge-des-transitions-de-genre\/\"]}]},{\"@type\":\"ImageObject\",\"inLanguage\":\"it-IT\",\"@id\":\"https:\/\/drapeaux-lesbienne.fr\/condamnation-de-lassurance-maladie-pour-refus-de-prise-en-charge-des-transitions-de-genre\/#primaryimage\",\"url\":\"https:\/\/i0.wp.com\/drapeaux-lesbienne.fr\/wp-content\/uploads\/2025\/07\/68862cc183a7d.png?fit=1024%2C1024&ssl=1\",\"contentUrl\":\"https:\/\/i0.wp.com\/drapeaux-lesbienne.fr\/wp-content\/uploads\/2025\/07\/68862cc183a7d.png?fit=1024%2C1024&ssl=1\",\"width\":1024,\"height\":1024,\"caption\":\"Condamnation de l'Assurance Maladie pour refus de prise en charge des transitions de genre\"},{\"@type\":\"BreadcrumbList\",\"@id\":\"https:\/\/drapeaux-lesbienne.fr\/condamnation-de-lassurance-maladie-pour-refus-de-prise-en-charge-des-transitions-de-genre\/#breadcrumb\",\"itemListElement\":[{\"@type\":\"ListItem\",\"position\":1,\"name\":\"Accueil\",\"item\":\"https:\/\/drapeaux-lesbienne.fr\/\"},{\"@type\":\"ListItem\",\"position\":2,\"name\":\"Condamnation de l&rsquo;Assurance Maladie pour refus de prise en charge des transitions de genre\"}]},{\"@type\":\"WebSite\",\"@id\":\"https:\/\/drapeaux-lesbienne.fr\/#website\",\"url\":\"https:\/\/drapeaux-lesbienne.fr\/\",\"name\":\"Drapeaux Lesbienne\",\"description\":\"D\u00e9couvrir les Drapeaux Lesbienne\",\"publisher\":{\"@id\":\"https:\/\/drapeaux-lesbienne.fr\/#organization\"},\"potentialAction\":[{\"@type\":\"SearchAction\",\"target\":{\"@type\":\"EntryPoint\",\"urlTemplate\":\"https:\/\/drapeaux-lesbienne.fr\/?s={search_term_string}\"},\"query-input\":{\"@type\":\"PropertyValueSpecification\",\"valueRequired\":true,\"valueName\":\"search_term_string\"}}],\"inLanguage\":\"it-IT\"},{\"@type\":\"Organization\",\"@id\":\"https:\/\/drapeaux-lesbienne.fr\/#organization\",\"name\":\"Drapeaux Lesbienne\",\"url\":\"https:\/\/drapeaux-lesbienne.fr\/\",\"logo\":{\"@type\":\"ImageObject\",\"inLanguage\":\"it-IT\",\"@id\":\"https:\/\/drapeaux-lesbienne.fr\/#\/schema\/logo\/image\/\",\"url\":\"https:\/\/i0.wp.com\/drapeaux-lesbienne.fr\/wp-content\/uploads\/2024\/06\/drapeaux-lesbienne-icon.jpg?fit=512%2C512&ssl=1\",\"contentUrl\":\"https:\/\/i0.wp.com\/drapeaux-lesbienne.fr\/wp-content\/uploads\/2024\/06\/drapeaux-lesbienne-icon.jpg?fit=512%2C512&ssl=1\",\"width\":512,\"height\":512,\"caption\":\"Drapeaux Lesbienne\"},\"image\":{\"@id\":\"https:\/\/drapeaux-lesbienne.fr\/#\/schema\/logo\/image\/\"}},{\"@type\":\"Person\",\"@id\":\"https:\/\/drapeaux-lesbienne.fr\/#\/schema\/person\/a8b5bccdc811cdee38d3b61eb337fd14\",\"name\":\"Maria458\",\"image\":{\"@type\":\"ImageObject\",\"inLanguage\":\"it-IT\",\"@id\":\"https:\/\/drapeaux-lesbienne.fr\/#\/schema\/person\/image\/\",\"url\":\"https:\/\/secure.gravatar.com\/avatar\/54e292c37e3a26a39ec0374211533335aae507576f52a51493c07cbe6b1dcdf4?s=96&d=mm&r=g\",\"contentUrl\":\"https:\/\/secure.gravatar.com\/avatar\/54e292c37e3a26a39ec0374211533335aae507576f52a51493c07cbe6b1dcdf4?s=96&d=mm&r=g\",\"caption\":\"Maria458\"},\"sameAs\":[\"http:\/\/drapeaux-lesbienne.fr\",\"https:\/\/www.pinterest.fr\/drapeaulesbienne\/\",\"https:\/\/x.com\/drapeaulesbien\",\"https:\/\/www.tumblr.com\/blog\/drapeau-lesbienne\"]}]}<\/script>\n<!-- \/ Yoast SEO plugin. -->","yoast_head_json":{"title":"Condamnation de l'Assurance Maladie pour refus de prise en charge des transitions de genre - Drapeau Lesbienne","robots":{"index":"index","follow":"follow","max-snippet":"max-snippet:-1","max-image-preview":"max-image-preview:large","max-video-preview":"max-video-preview:-1"},"canonical":"https:\/\/drapeaux-lesbienne.fr\/it\/condamnation-de-lassurance-maladie-pour-refus-de-prise-en-charge-des-transitions-de-genre\/","og_locale":"it_IT","og_type":"article","og_title":"Condamnation de l'Assurance Maladie pour refus de prise en charge des transitions de genre - Drapeau Lesbienne","og_description":"L&rsquo;Assurance Maladie a \u00e9t\u00e9 condamn\u00e9e \u00e0 tort par le tribunal judiciaire de Bobigny pour avoir refus\u00e9 la couverture de soins li\u00e9s \u00e0 la transition de genre de deux jeunes hommes. Chacun des plaignants s&rsquo;est vu accorder 3 000 \u20ac de dommages et int\u00e9r\u00eats. Premier assur\u00e9 : En janvier 2020, un patient a obtenu la reconnaissance&hellip;&nbsp;Condamnation de l&rsquo;Assurance Maladie pour refus de prise en charge des transitions de genre","og_url":"https:\/\/drapeaux-lesbienne.fr\/it\/condamnation-de-lassurance-maladie-pour-refus-de-prise-en-charge-des-transitions-de-genre\/","og_site_name":"Drapeau Lesbienne","article_published_time":"2025-07-17T22:03:59+00:00","article_modified_time":"2025-07-27T13:42:33+00:00","og_image":[{"width":1024,"height":1024,"url":"http:\/\/drapeaux-lesbienne.fr\/wp-content\/uploads\/2025\/07\/68862cc183a7d.png","type":"image\/png"}],"author":"Maria458","twitter_card":"summary_large_image","twitter_creator":"@drapeaulesbien","twitter_misc":{"Scritto da":"Maria458","Tempo di lettura stimato":"2 minuti"},"schema":{"@context":"https:\/\/schema.org","@graph":[{"@type":"Article","@id":"https:\/\/drapeaux-lesbienne.fr\/condamnation-de-lassurance-maladie-pour-refus-de-prise-en-charge-des-transitions-de-genre\/#article","isPartOf":{"@id":"https:\/\/drapeaux-lesbienne.fr\/condamnation-de-lassurance-maladie-pour-refus-de-prise-en-charge-des-transitions-de-genre\/"},"author":{"name":"Maria458","@id":"https:\/\/drapeaux-lesbienne.fr\/#\/schema\/person\/a8b5bccdc811cdee38d3b61eb337fd14"},"headline":"Condamnation de l&rsquo;Assurance Maladie pour refus de prise en charge des transitions de genre","datePublished":"2025-07-17T22:03:59+00:00","dateModified":"2025-07-27T13:42:33+00:00","mainEntityOfPage":{"@id":"https:\/\/drapeaux-lesbienne.fr\/condamnation-de-lassurance-maladie-pour-refus-de-prise-en-charge-des-transitions-de-genre\/"},"wordCount":301,"commentCount":0,"publisher":{"@id":"https:\/\/drapeaux-lesbienne.fr\/#organization"},"image":{"@id":"https:\/\/drapeaux-lesbienne.fr\/condamnation-de-lassurance-maladie-pour-refus-de-prise-en-charge-des-transitions-de-genre\/#primaryimage"},"thumbnailUrl":"https:\/\/i0.wp.com\/drapeaux-lesbienne.fr\/wp-content\/uploads\/2025\/07\/68862cc183a7d.png?fit=1024%2C1024&ssl=1","articleSection":["Actualit\u00e9s News LGBT"],"inLanguage":"it-IT","potentialAction":[{"@type":"CommentAction","name":"Comment","target":["https:\/\/drapeaux-lesbienne.fr\/condamnation-de-lassurance-maladie-pour-refus-de-prise-en-charge-des-transitions-de-genre\/#respond"]}]},{"@type":"WebPage","@id":"https:\/\/drapeaux-lesbienne.fr\/condamnation-de-lassurance-maladie-pour-refus-de-prise-en-charge-des-transitions-de-genre\/","url":"https:\/\/drapeaux-lesbienne.fr\/condamnation-de-lassurance-maladie-pour-refus-de-prise-en-charge-des-transitions-de-genre\/","name":"Condamnation de l'Assurance Maladie pour refus de prise en charge des transitions de genre - Drapeau Lesbienne","isPartOf":{"@id":"https:\/\/drapeaux-lesbienne.fr\/#website"},"primaryImageOfPage":{"@id":"https:\/\/drapeaux-lesbienne.fr\/condamnation-de-lassurance-maladie-pour-refus-de-prise-en-charge-des-transitions-de-genre\/#primaryimage"},"image":{"@id":"https:\/\/drapeaux-lesbienne.fr\/condamnation-de-lassurance-maladie-pour-refus-de-prise-en-charge-des-transitions-de-genre\/#primaryimage"},"thumbnailUrl":"https:\/\/i0.wp.com\/drapeaux-lesbienne.fr\/wp-content\/uploads\/2025\/07\/68862cc183a7d.png?fit=1024%2C1024&ssl=1","datePublished":"2025-07-17T22:03:59+00:00","dateModified":"2025-07-27T13:42:33+00:00","breadcrumb":{"@id":"https:\/\/drapeaux-lesbienne.fr\/condamnation-de-lassurance-maladie-pour-refus-de-prise-en-charge-des-transitions-de-genre\/#breadcrumb"},"inLanguage":"it-IT","potentialAction":[{"@type":"ReadAction","target":["https:\/\/drapeaux-lesbienne.fr\/condamnation-de-lassurance-maladie-pour-refus-de-prise-en-charge-des-transitions-de-genre\/"]}]},{"@type":"ImageObject","inLanguage":"it-IT","@id":"https:\/\/drapeaux-lesbienne.fr\/condamnation-de-lassurance-maladie-pour-refus-de-prise-en-charge-des-transitions-de-genre\/#primaryimage","url":"https:\/\/i0.wp.com\/drapeaux-lesbienne.fr\/wp-content\/uploads\/2025\/07\/68862cc183a7d.png?fit=1024%2C1024&ssl=1","contentUrl":"https:\/\/i0.wp.com\/drapeaux-lesbienne.fr\/wp-content\/uploads\/2025\/07\/68862cc183a7d.png?fit=1024%2C1024&ssl=1","width":1024,"height":1024,"caption":"Condamnation de l'Assurance Maladie pour refus de prise en charge des transitions de genre"},{"@type":"BreadcrumbList","@id":"https:\/\/drapeaux-lesbienne.fr\/condamnation-de-lassurance-maladie-pour-refus-de-prise-en-charge-des-transitions-de-genre\/#breadcrumb","itemListElement":[{"@type":"ListItem","position":1,"name":"Accueil","item":"https:\/\/drapeaux-lesbienne.fr\/"},{"@type":"ListItem","position":2,"name":"Condamnation de l&rsquo;Assurance Maladie pour refus de prise en charge des transitions de genre"}]},{"@type":"WebSite","@id":"https:\/\/drapeaux-lesbienne.fr\/#website","url":"https:\/\/drapeaux-lesbienne.fr\/","name":"Bandiere Lesbiche","description":"D\u00e9couvrir les Drapeaux Lesbienne","publisher":{"@id":"https:\/\/drapeaux-lesbienne.fr\/#organization"},"potentialAction":[{"@type":"SearchAction","target":{"@type":"EntryPoint","urlTemplate":"https:\/\/drapeaux-lesbienne.fr\/?s={search_term_string}"},"query-input":{"@type":"PropertyValueSpecification","valueRequired":true,"valueName":"search_term_string"}}],"inLanguage":"it-IT"},{"@type":"Organization","@id":"https:\/\/drapeaux-lesbienne.fr\/#organization","name":"Bandiere Lesbiche","url":"https:\/\/drapeaux-lesbienne.fr\/","logo":{"@type":"ImageObject","inLanguage":"it-IT","@id":"https:\/\/drapeaux-lesbienne.fr\/#\/schema\/logo\/image\/","url":"https:\/\/i0.wp.com\/drapeaux-lesbienne.fr\/wp-content\/uploads\/2024\/06\/drapeaux-lesbienne-icon.jpg?fit=512%2C512&ssl=1","contentUrl":"https:\/\/i0.wp.com\/drapeaux-lesbienne.fr\/wp-content\/uploads\/2024\/06\/drapeaux-lesbienne-icon.jpg?fit=512%2C512&ssl=1","width":512,"height":512,"caption":"Drapeaux Lesbienne"},"image":{"@id":"https:\/\/drapeaux-lesbienne.fr\/#\/schema\/logo\/image\/"}},{"@type":"Person","@id":"https:\/\/drapeaux-lesbienne.fr\/#\/schema\/person\/a8b5bccdc811cdee38d3b61eb337fd14","name":"Maria458","image":{"@type":"ImageObject","inLanguage":"it-IT","@id":"https:\/\/drapeaux-lesbienne.fr\/#\/schema\/person\/image\/","url":"https:\/\/secure.gravatar.com\/avatar\/54e292c37e3a26a39ec0374211533335aae507576f52a51493c07cbe6b1dcdf4?s=96&d=mm&r=g","contentUrl":"https:\/\/secure.gravatar.com\/avatar\/54e292c37e3a26a39ec0374211533335aae507576f52a51493c07cbe6b1dcdf4?s=96&d=mm&r=g","caption":"Maria458"},"sameAs":["http:\/\/drapeaux-lesbienne.fr","https:\/\/www.pinterest.fr\/drapeaulesbienne\/","https:\/\/x.com\/drapeaulesbien","https:\/\/www.tumblr.com\/blog\/drapeau-lesbienne"]}]}},"jetpack_featured_media_url":"https:\/\/i0.wp.com\/drapeaux-lesbienne.fr\/wp-content\/uploads\/2025\/07\/68862cc183a7d.png?fit=1024%2C1024&ssl=1","jetpack_sharing_enabled":true,"_links":{"self":[{"href":"https:\/\/drapeaux-lesbienne.fr\/it\/wp-json\/wp\/v2\/posts\/2598","targetHints":{"allow":["GET"]}}],"collection":[{"href":"https:\/\/drapeaux-lesbienne.fr\/it\/wp-json\/wp\/v2\/posts"}],"about":[{"href":"https:\/\/drapeaux-lesbienne.fr\/it\/wp-json\/wp\/v2\/types\/post"}],"author":[{"embeddable":true,"href":"https:\/\/drapeaux-lesbienne.fr\/it\/wp-json\/wp\/v2\/users\/1"}],"replies":[{"embeddable":true,"href":"https:\/\/drapeaux-lesbienne.fr\/it\/wp-json\/wp\/v2\/comments?post=2598"}],"version-history":[{"count":1,"href":"https:\/\/drapeaux-lesbienne.fr\/it\/wp-json\/wp\/v2\/posts\/2598\/revisions"}],"predecessor-version":[{"id":2755,"href":"https:\/\/drapeaux-lesbienne.fr\/it\/wp-json\/wp\/v2\/posts\/2598\/revisions\/2755"}],"wp:featuredmedia":[{"embeddable":true,"href":"https:\/\/drapeaux-lesbienne.fr\/it\/wp-json\/wp\/v2\/media\/2754"}],"wp:attachment":[{"href":"https:\/\/drapeaux-lesbienne.fr\/it\/wp-json\/wp\/v2\/media?parent=2598"}],"wp:term":[{"taxonomy":"category","embeddable":true,"href":"https:\/\/drapeaux-lesbienne.fr\/it\/wp-json\/wp\/v2\/categories?post=2598"},{"taxonomy":"post_tag","embeddable":true,"href":"https:\/\/drapeaux-lesbienne.fr\/it\/wp-json\/wp\/v2\/tags?post=2598"}],"curies":[{"name":"wp","href":"https:\/\/api.w.org\/{rel}","templated":true}]}}