{"id":3232,"date":"2025-09-10T00:20:50","date_gmt":"2025-09-09T22:20:50","guid":{"rendered":"https:\/\/drapeaux-lesbienne.fr\/jean-paul-gaultier-et-y-project-une-collaboration-audacieuse-et-memorable\/"},"modified":"2025-09-10T00:20:50","modified_gmt":"2025-09-09T22:20:50","slug":"jean-paul-gaultier-et-y-project-une-collaboration-audacieuse-et-memorable","status":"publish","type":"post","link":"https:\/\/drapeaux-lesbienne.fr\/it\/jean-paul-gaultier-et-y-project-une-collaboration-audacieuse-et-memorable\/","title":{"rendered":"Jean Paul Gaultier et Y\/Project: Une Collaboration Audacieuse et M\u00e9morable"},"content":{"rendered":"<h2>Contexte : Gaultier et Y\/Project, deux visions du style<\/h2>\n<p>La rencontre inattendue mais puissante entre Jean Paul Gaultier et Y\/Project en 2023 avait marqu\u00e9 le monde de la mode. Cette collaboration audacieuse avait fusionn\u00e9 l\u2019h\u00e9ritage iconique d\u2019un couturier avec l\u2019approche exp\u00e9rimentale d&rsquo;une maison montante, offrant une relecture contemporaine de la couture fran\u00e7aise.<\/p>\n<h3>Jean Paul Gaultier, l\u2019enfant terrible de la mode<\/h3>\n<p>Reconnu comme un avant-gardiste, Jean Paul Gaultier avait toujours repouss\u00e9 les fronti\u00e8res du v\u00eatement, que ce soit \u00e0 travers ses corsets coniques port\u00e9s par Madonna ou ses d\u00e9fil\u00e9s inclusifs. M\u00eame apr\u00e8s la fin de ses d\u00e9fil\u00e9s couture en 2020, sa maison continuait d&rsquo;explorer de nouveaux horizons en invitant d\u2019autres cr\u00e9ateurs \u00e0 revisiter son univers.<\/p>\n<h3>Y\/Project, l\u2019exp\u00e9rimentation au service du v\u00eatement<\/h3>\n<p>Dirig\u00e9e par Glenn Martens, Y\/Project s\u2019\u00e9tait forg\u00e9e une r\u00e9putation bas\u00e9e sur une approche radicale et ludique du v\u00eatement, jouant sur les volumes, la modularit\u00e9 et la d\u00e9construction. Cette marque urbaine et conceptuelle avait su gagner une visibilit\u00e9 internationale sous la direction artistique de Martens.<\/p>\n<h2>Une rencontre cr\u00e9ative en 2023<\/h2>\n<p>Lors de son annonce, la collaboration entre Jean Paul Gaultier et Y\/Project avait suscit\u00e9 de grandes attentes. La capsule avait \u00e9t\u00e9 pr\u00e9sent\u00e9e comme une exploration du patrimoine de Gaultier \u00e0 travers la d\u00e9construction caract\u00e9ristique de Y\/Project. Le m\u00e9lange des iconographies riches de Gaultier avec les jeux de proportions et d\u2019assemblages de Martens avait surpass\u00e9 toutes les attentes.<\/p>\n<h2>Les codes Gaultier r\u00e9interpr\u00e9t\u00e9s par Y\/Project<\/h2>\n<h3>La marini\u00e8re revisit\u00e9e<\/h3>\n<p>Embl\u00e8me incontournable de Gaultier, la marini\u00e8re avait \u00e9t\u00e9 au c\u0153ur de la collection, transform\u00e9e en pi\u00e8ces asym\u00e9triques ou d\u00e9construites en superpositions surprenantes. Cette r\u00e9interpr\u00e9tation avait su conserver l\u2019h\u00e9ritage tout en lui insufflant une allure r\u00e9solument contemporaine.<\/p>\n<h3>Le trompe-l\u2019\u0153il, entre humour et s\u00e9duction<\/h3>\n<p>La signature du trompe-l\u2019\u0153il chez Gaultier avait trouv\u00e9 une nouvelle dimension avec Martens. Les imprim\u00e9s corps nus ou corsets dessin\u00e9s avaient \u00e9t\u00e9 tordus et d\u00e9plac\u00e9s, cr\u00e9ant un effet \u00e0 la fois sensuel et d\u00e9stabilisant, ajoutant une dimension suppl\u00e9mentaire \u00e0 l&rsquo;illusion cr\u00e9\u00e9e par Gaultier.<\/p>\n<h3>L\u2019inclusivit\u00e9 et l\u2019ironie<\/h3>\n<p>Tout comme dans les d\u00e9fil\u00e9s historiques de Gaultier, la collection avait mis en avant une mode inclusive, repr\u00e9sentant une diversit\u00e9 de genres, morphologies et \u00e2ges. Cette approche renfor\u00e7ait l\u2019id\u00e9e que cette collaboration \u00e9tait bien plus qu&rsquo;une simple d\u00e9marche commerciale, mais une r\u00e9flexion profonde sur la place du v\u00eatement dans la soci\u00e9t\u00e9.<\/p>\n<h2>Une collection salu\u00e9e par la critique<\/h2>\n<p>La r\u00e9ussite de cette collaboration avait \u00e9t\u00e9 unanimement salu\u00e9e par les critiques de mode pour avoir r\u00e9ussi \u00e0 incarner le meilleur des deux univers : l\u2019h\u00e9ritage joyeux et provocateur de Gaultier combin\u00e9 \u00e0 la modernit\u00e9 d\u00e9constructiviste de Y\/Project. Les m\u00e9dias sp\u00e9cialis\u00e9s avaient qualifi\u00e9 cette collection de \u00ab capsule hybride et intelligente \u00bb, soulignant son approche v\u00e9ritablement novatrice loin de toute nostalgie.<\/p>\n<h2>L\u2019impact sur la mode en 2023<\/h2>\n<h3>Une capsule qui avait marqu\u00e9 la Fashion Week<\/h3>\n<p>La pr\u00e9sentation de cette collaboration lors de la Fashion Week avait \u00e9t\u00e9 un moment marquant, amplifi\u00e9 par sa diffusion rapide sur les r\u00e9seaux sociaux, renfor\u00e7ant son influence aupr\u00e8s d\u2019un public jeune d\u00e9j\u00e0 admiratif du travail des deux maisons.<\/p>\n<h3>Un succ\u00e8s commercial et culturel<\/h3>\n<p>Outre le succ\u00e8s commercial imm\u00e9diat avec des ventes rapides, la collection avait \u00e9galement eu un impact culturel important en inspirant des \u00e9ditoriaux, des influenceurs et des artistes, consolidant ainsi la r\u00e9putation des deux maisons impliqu\u00e9es dans cette collaboration.<\/p>\n<h2>H\u00e9ritage et influence post-2023<\/h2>\n<p>Cette collaboration continue de r\u00e9sonner dans le paysage de la mode actuelle en t\u00e9moignant de la possibilit\u00e9 d&rsquo;un dialogue entre la couture et le streetwear, d&rsquo;une transmission cr\u00e9ative entre un couturier \u00e9tabli et une g\u00e9n\u00e9ration montante, et en inspirant de nouvelles collaborations hybrides.<\/p>\n<h2>Comparaison avec d\u2019autres collaborations de Gaultier<\/h2>\n<p>Jean Paul Gaultier avait d\u00e9j\u00e0 collabor\u00e9 avec d\u2019autres cr\u00e9ateurs tels que Chitose Abe (Sacai) ou Olivier Rousteing (Balmain), mais la capsule avec Y\/Project s&rsquo;\u00e9tait d\u00e9marqu\u00e9e par son approche plus radicale et exp\u00e9rimentale. La d\u00e9construction et la reconstruction op\u00e9r\u00e9es par Glenn Martens avaient v\u00e9ritablement distingu\u00e9 cette collaboration des pr\u00e9c\u00e9dentes.<\/p>\n<h2>Pourquoi cette collaboration reste iconique<\/h2>\n<ol>\n<li>Une vision partag\u00e9e de la provocation: Gaultier et Y\/Project n&rsquo;avaient pas h\u00e9sit\u00e9 \u00e0 choquer et \u00e0 bousculer les conventions.<\/li>\n<li>Une r\u00e9ussite visuelle: Chaque pi\u00e8ce semblait \u00eatre pens\u00e9e comme une v\u00e9ritable \u0153uvre, m\u00ealant hommage et innovation.<\/li>\n<li>Un moment g\u00e9n\u00e9rationnel: En 2023, cette collaboration avait incarn\u00e9 un dialogue entre deux \u00e9poques distinctes de la mode fran\u00e7aise.<\/li>\n<\/ol>\n<h2>Conclusion : un moment de mode grav\u00e9 dans l\u2019histoire<\/h2>\n<p>La collaboration entre Jean Paul Gaultier et Y\/Project en 2023 ne s\u2019\u00e9tait pas limit\u00e9e \u00e0 une simple capsule commerciale. Elle avait \u00e9t\u00e9 le reflet d&rsquo;une r\u00e9flexion profonde sur la capacit\u00e9 du pass\u00e9 et du pr\u00e9sent \u00e0 s&rsquo;harmoniser. Bien qu&rsquo;elle soit d\u00e9sormais inscrite dans l&rsquo;histoire de la mode, son influence perdure en tant que t\u00e9moignage vibrant du pouvoir de la collaboration guid\u00e9e par la cr\u00e9ativit\u00e9 et le respect mutuel.<\/p>","protected":false},"excerpt":{"rendered":"<p>Contexte : Gaultier et Y\/Project, deux visions du style La rencontre inattendue mais puissante entre Jean Paul Gaultier et Y\/Project en 2023 avait marqu\u00e9 le monde de la mode. Cette collaboration audacieuse avait fusionn\u00e9 l\u2019h\u00e9ritage iconique d\u2019un couturier avec l\u2019approche exp\u00e9rimentale d&rsquo;une maison montante, offrant une relecture contemporaine de la couture fran\u00e7aise. Jean Paul Gaultier,&hellip;&nbsp;<a href=\"https:\/\/drapeaux-lesbienne.fr\/it\/jean-paul-gaultier-et-y-project-une-collaboration-audacieuse-et-memorable\/\" rel=\"bookmark\"><span class=\"screen-reader-text\">Jean Paul Gaultier et Y\/Project: Une Collaboration Audacieuse et M\u00e9morable<\/span><\/a><\/p>","protected":false},"author":1,"featured_media":3233,"comment_status":"open","ping_status":"open","sticky":false,"template":"","format":"standard","meta":{"neve_meta_sidebar":"","neve_meta_container":"","neve_meta_enable_content_width":"","neve_meta_content_width":0,"neve_meta_title_alignment":"","neve_meta_author_avatar":"","neve_post_elements_order":"","neve_meta_disable_header":"","neve_meta_disable_footer":"","neve_meta_disable_title":"","_jetpack_memberships_contains_paid_content":false,"footnotes":""},"categories":[40],"tags":[],"class_list":["post-3232","post","type-post","status-publish","format-standard","has-post-thumbnail","hentry","category-actualites-news-lgbt"],"yoast_head":"<!-- This site is optimized with the Yoast SEO plugin v26.8 - https:\/\/yoast.com\/product\/yoast-seo-wordpress\/ -->\n<title>Jean Paul Gaultier et Y\/Project: Une Collaboration Audacieuse et M\u00e9morable - Drapeau Lesbienne<\/title>\n<meta name=\"robots\" content=\"index, follow, max-snippet:-1, max-image-preview:large, max-video-preview:-1\" \/>\n<link rel=\"canonical\" href=\"https:\/\/drapeaux-lesbienne.fr\/it\/jean-paul-gaultier-et-y-project-une-collaboration-audacieuse-et-memorable\/\" \/>\n<meta property=\"og:locale\" content=\"it_IT\" \/>\n<meta property=\"og:type\" content=\"article\" \/>\n<meta property=\"og:title\" content=\"Jean Paul Gaultier et Y\/Project: Une Collaboration Audacieuse et M\u00e9morable - Drapeau Lesbienne\" \/>\n<meta property=\"og:description\" content=\"Contexte : Gaultier et Y\/Project, deux visions du style La rencontre inattendue mais puissante entre Jean Paul Gaultier et Y\/Project en 2023 avait marqu\u00e9 le monde de la mode. Cette collaboration audacieuse avait fusionn\u00e9 l\u2019h\u00e9ritage iconique d\u2019un couturier avec l\u2019approche exp\u00e9rimentale d&rsquo;une maison montante, offrant une relecture contemporaine de la couture fran\u00e7aise. Jean Paul Gaultier,&hellip;&nbsp;Jean Paul Gaultier et Y\/Project: Une Collaboration Audacieuse et M\u00e9morable\" \/>\n<meta property=\"og:url\" content=\"https:\/\/drapeaux-lesbienne.fr\/it\/jean-paul-gaultier-et-y-project-une-collaboration-audacieuse-et-memorable\/\" \/>\n<meta property=\"og:site_name\" content=\"Drapeau Lesbienne\" \/>\n<meta property=\"article:published_time\" content=\"2025-09-09T22:20:50+00:00\" \/>\n<meta property=\"og:image\" content=\"https:\/\/i0.wp.com\/drapeaux-lesbienne.fr\/wp-content\/uploads\/2025\/09\/68c0a850cfde8.png?fit=1024%2C1024&ssl=1\" \/>\n\t<meta property=\"og:image:width\" content=\"1024\" \/>\n\t<meta property=\"og:image:height\" content=\"1024\" \/>\n\t<meta property=\"og:image:type\" content=\"image\/png\" \/>\n<meta name=\"author\" content=\"Maria458\" \/>\n<meta name=\"twitter:card\" content=\"summary_large_image\" \/>\n<meta name=\"twitter:creator\" content=\"@drapeaulesbien\" \/>\n<meta name=\"twitter:label1\" content=\"Scritto da\" \/>\n\t<meta name=\"twitter:data1\" content=\"Maria458\" \/>\n\t<meta name=\"twitter:label2\" content=\"Tempo di lettura stimato\" \/>\n\t<meta name=\"twitter:data2\" content=\"4 minuti\" \/>\n<script type=\"application\/ld+json\" class=\"yoast-schema-graph\">{\"@context\":\"https:\/\/schema.org\",\"@graph\":[{\"@type\":\"Article\",\"@id\":\"https:\/\/drapeaux-lesbienne.fr\/jean-paul-gaultier-et-y-project-une-collaboration-audacieuse-et-memorable\/#article\",\"isPartOf\":{\"@id\":\"https:\/\/drapeaux-lesbienne.fr\/jean-paul-gaultier-et-y-project-une-collaboration-audacieuse-et-memorable\/\"},\"author\":{\"name\":\"Maria458\",\"@id\":\"https:\/\/drapeaux-lesbienne.fr\/#\/schema\/person\/a8b5bccdc811cdee38d3b61eb337fd14\"},\"headline\":\"Jean Paul Gaultier et Y\/Project: Une Collaboration Audacieuse et M\u00e9morable\",\"datePublished\":\"2025-09-09T22:20:50+00:00\",\"mainEntityOfPage\":{\"@id\":\"https:\/\/drapeaux-lesbienne.fr\/jean-paul-gaultier-et-y-project-une-collaboration-audacieuse-et-memorable\/\"},\"wordCount\":911,\"commentCount\":0,\"publisher\":{\"@id\":\"https:\/\/drapeaux-lesbienne.fr\/#organization\"},\"image\":{\"@id\":\"https:\/\/drapeaux-lesbienne.fr\/jean-paul-gaultier-et-y-project-une-collaboration-audacieuse-et-memorable\/#primaryimage\"},\"thumbnailUrl\":\"https:\/\/i0.wp.com\/drapeaux-lesbienne.fr\/wp-content\/uploads\/2025\/09\/68c0a850cfde8.png?fit=1024%2C1024&ssl=1\",\"articleSection\":[\"Actualit\u00e9s News LGBT\"],\"inLanguage\":\"it-IT\",\"potentialAction\":[{\"@type\":\"CommentAction\",\"name\":\"Comment\",\"target\":[\"https:\/\/drapeaux-lesbienne.fr\/jean-paul-gaultier-et-y-project-une-collaboration-audacieuse-et-memorable\/#respond\"]}]},{\"@type\":\"WebPage\",\"@id\":\"https:\/\/drapeaux-lesbienne.fr\/jean-paul-gaultier-et-y-project-une-collaboration-audacieuse-et-memorable\/\",\"url\":\"https:\/\/drapeaux-lesbienne.fr\/jean-paul-gaultier-et-y-project-une-collaboration-audacieuse-et-memorable\/\",\"name\":\"Jean Paul Gaultier et Y\/Project: Une Collaboration Audacieuse et M\u00e9morable - Drapeau Lesbienne\",\"isPartOf\":{\"@id\":\"https:\/\/drapeaux-lesbienne.fr\/#website\"},\"primaryImageOfPage\":{\"@id\":\"https:\/\/drapeaux-lesbienne.fr\/jean-paul-gaultier-et-y-project-une-collaboration-audacieuse-et-memorable\/#primaryimage\"},\"image\":{\"@id\":\"https:\/\/drapeaux-lesbienne.fr\/jean-paul-gaultier-et-y-project-une-collaboration-audacieuse-et-memorable\/#primaryimage\"},\"thumbnailUrl\":\"https:\/\/i0.wp.com\/drapeaux-lesbienne.fr\/wp-content\/uploads\/2025\/09\/68c0a850cfde8.png?fit=1024%2C1024&ssl=1\",\"datePublished\":\"2025-09-09T22:20:50+00:00\",\"breadcrumb\":{\"@id\":\"https:\/\/drapeaux-lesbienne.fr\/jean-paul-gaultier-et-y-project-une-collaboration-audacieuse-et-memorable\/#breadcrumb\"},\"inLanguage\":\"it-IT\",\"potentialAction\":[{\"@type\":\"ReadAction\",\"target\":[\"https:\/\/drapeaux-lesbienne.fr\/jean-paul-gaultier-et-y-project-une-collaboration-audacieuse-et-memorable\/\"]}]},{\"@type\":\"ImageObject\",\"inLanguage\":\"it-IT\",\"@id\":\"https:\/\/drapeaux-lesbienne.fr\/jean-paul-gaultier-et-y-project-une-collaboration-audacieuse-et-memorable\/#primaryimage\",\"url\":\"https:\/\/i0.wp.com\/drapeaux-lesbienne.fr\/wp-content\/uploads\/2025\/09\/68c0a850cfde8.png?fit=1024%2C1024&ssl=1\",\"contentUrl\":\"https:\/\/i0.wp.com\/drapeaux-lesbienne.fr\/wp-content\/uploads\/2025\/09\/68c0a850cfde8.png?fit=1024%2C1024&ssl=1\",\"width\":1024,\"height\":1024,\"caption\":\"Jean Paul Gaultier et Y\/Project: Une Collaboration Audacieuse et M\u00e9morable\"},{\"@type\":\"BreadcrumbList\",\"@id\":\"https:\/\/drapeaux-lesbienne.fr\/jean-paul-gaultier-et-y-project-une-collaboration-audacieuse-et-memorable\/#breadcrumb\",\"itemListElement\":[{\"@type\":\"ListItem\",\"position\":1,\"name\":\"Accueil\",\"item\":\"https:\/\/drapeaux-lesbienne.fr\/\"},{\"@type\":\"ListItem\",\"position\":2,\"name\":\"Jean Paul Gaultier et Y\/Project: Une Collaboration Audacieuse et M\u00e9morable\"}]},{\"@type\":\"WebSite\",\"@id\":\"https:\/\/drapeaux-lesbienne.fr\/#website\",\"url\":\"https:\/\/drapeaux-lesbienne.fr\/\",\"name\":\"Drapeaux Lesbienne\",\"description\":\"D\u00e9couvrir les Drapeaux Lesbienne\",\"publisher\":{\"@id\":\"https:\/\/drapeaux-lesbienne.fr\/#organization\"},\"potentialAction\":[{\"@type\":\"SearchAction\",\"target\":{\"@type\":\"EntryPoint\",\"urlTemplate\":\"https:\/\/drapeaux-lesbienne.fr\/?s={search_term_string}\"},\"query-input\":{\"@type\":\"PropertyValueSpecification\",\"valueRequired\":true,\"valueName\":\"search_term_string\"}}],\"inLanguage\":\"it-IT\"},{\"@type\":\"Organization\",\"@id\":\"https:\/\/drapeaux-lesbienne.fr\/#organization\",\"name\":\"Drapeaux Lesbienne\",\"url\":\"https:\/\/drapeaux-lesbienne.fr\/\",\"logo\":{\"@type\":\"ImageObject\",\"inLanguage\":\"it-IT\",\"@id\":\"https:\/\/drapeaux-lesbienne.fr\/#\/schema\/logo\/image\/\",\"url\":\"https:\/\/i0.wp.com\/drapeaux-lesbienne.fr\/wp-content\/uploads\/2024\/06\/drapeaux-lesbienne-icon.jpg?fit=512%2C512&ssl=1\",\"contentUrl\":\"https:\/\/i0.wp.com\/drapeaux-lesbienne.fr\/wp-content\/uploads\/2024\/06\/drapeaux-lesbienne-icon.jpg?fit=512%2C512&ssl=1\",\"width\":512,\"height\":512,\"caption\":\"Drapeaux Lesbienne\"},\"image\":{\"@id\":\"https:\/\/drapeaux-lesbienne.fr\/#\/schema\/logo\/image\/\"}},{\"@type\":\"Person\",\"@id\":\"https:\/\/drapeaux-lesbienne.fr\/#\/schema\/person\/a8b5bccdc811cdee38d3b61eb337fd14\",\"name\":\"Maria458\",\"image\":{\"@type\":\"ImageObject\",\"inLanguage\":\"it-IT\",\"@id\":\"https:\/\/drapeaux-lesbienne.fr\/#\/schema\/person\/image\/\",\"url\":\"https:\/\/secure.gravatar.com\/avatar\/54e292c37e3a26a39ec0374211533335aae507576f52a51493c07cbe6b1dcdf4?s=96&d=mm&r=g\",\"contentUrl\":\"https:\/\/secure.gravatar.com\/avatar\/54e292c37e3a26a39ec0374211533335aae507576f52a51493c07cbe6b1dcdf4?s=96&d=mm&r=g\",\"caption\":\"Maria458\"},\"sameAs\":[\"http:\/\/drapeaux-lesbienne.fr\",\"https:\/\/www.pinterest.fr\/drapeaulesbienne\/\",\"https:\/\/x.com\/drapeaulesbien\",\"https:\/\/www.tumblr.com\/blog\/drapeau-lesbienne\"]}]}<\/script>\n<!-- \/ Yoast SEO plugin. -->","yoast_head_json":{"title":"Jean Paul Gaultier et Y\/Project: Une Collaboration Audacieuse et M\u00e9morable - Drapeau Lesbienne","robots":{"index":"index","follow":"follow","max-snippet":"max-snippet:-1","max-image-preview":"max-image-preview:large","max-video-preview":"max-video-preview:-1"},"canonical":"https:\/\/drapeaux-lesbienne.fr\/it\/jean-paul-gaultier-et-y-project-une-collaboration-audacieuse-et-memorable\/","og_locale":"it_IT","og_type":"article","og_title":"Jean Paul Gaultier et Y\/Project: Une Collaboration Audacieuse et M\u00e9morable - Drapeau Lesbienne","og_description":"Contexte : Gaultier et Y\/Project, deux visions du style La rencontre inattendue mais puissante entre Jean Paul Gaultier et Y\/Project en 2023 avait marqu\u00e9 le monde de la mode. Cette collaboration audacieuse avait fusionn\u00e9 l\u2019h\u00e9ritage iconique d\u2019un couturier avec l\u2019approche exp\u00e9rimentale d&rsquo;une maison montante, offrant une relecture contemporaine de la couture fran\u00e7aise. Jean Paul Gaultier,&hellip;&nbsp;Jean Paul Gaultier et Y\/Project: Une Collaboration Audacieuse et M\u00e9morable","og_url":"https:\/\/drapeaux-lesbienne.fr\/it\/jean-paul-gaultier-et-y-project-une-collaboration-audacieuse-et-memorable\/","og_site_name":"Drapeau Lesbienne","article_published_time":"2025-09-09T22:20:50+00:00","og_image":[{"width":1024,"height":1024,"url":"https:\/\/i0.wp.com\/drapeaux-lesbienne.fr\/wp-content\/uploads\/2025\/09\/68c0a850cfde8.png?fit=1024%2C1024&ssl=1","type":"image\/png"}],"author":"Maria458","twitter_card":"summary_large_image","twitter_creator":"@drapeaulesbien","twitter_misc":{"Scritto da":"Maria458","Tempo di lettura stimato":"4 minuti"},"schema":{"@context":"https:\/\/schema.org","@graph":[{"@type":"Article","@id":"https:\/\/drapeaux-lesbienne.fr\/jean-paul-gaultier-et-y-project-une-collaboration-audacieuse-et-memorable\/#article","isPartOf":{"@id":"https:\/\/drapeaux-lesbienne.fr\/jean-paul-gaultier-et-y-project-une-collaboration-audacieuse-et-memorable\/"},"author":{"name":"Maria458","@id":"https:\/\/drapeaux-lesbienne.fr\/#\/schema\/person\/a8b5bccdc811cdee38d3b61eb337fd14"},"headline":"Jean Paul Gaultier et Y\/Project: Une Collaboration Audacieuse et M\u00e9morable","datePublished":"2025-09-09T22:20:50+00:00","mainEntityOfPage":{"@id":"https:\/\/drapeaux-lesbienne.fr\/jean-paul-gaultier-et-y-project-une-collaboration-audacieuse-et-memorable\/"},"wordCount":911,"commentCount":0,"publisher":{"@id":"https:\/\/drapeaux-lesbienne.fr\/#organization"},"image":{"@id":"https:\/\/drapeaux-lesbienne.fr\/jean-paul-gaultier-et-y-project-une-collaboration-audacieuse-et-memorable\/#primaryimage"},"thumbnailUrl":"https:\/\/i0.wp.com\/drapeaux-lesbienne.fr\/wp-content\/uploads\/2025\/09\/68c0a850cfde8.png?fit=1024%2C1024&ssl=1","articleSection":["Actualit\u00e9s News LGBT"],"inLanguage":"it-IT","potentialAction":[{"@type":"CommentAction","name":"Comment","target":["https:\/\/drapeaux-lesbienne.fr\/jean-paul-gaultier-et-y-project-une-collaboration-audacieuse-et-memorable\/#respond"]}]},{"@type":"WebPage","@id":"https:\/\/drapeaux-lesbienne.fr\/jean-paul-gaultier-et-y-project-une-collaboration-audacieuse-et-memorable\/","url":"https:\/\/drapeaux-lesbienne.fr\/jean-paul-gaultier-et-y-project-une-collaboration-audacieuse-et-memorable\/","name":"Jean Paul Gaultier et Y\/Project: Une Collaboration Audacieuse et M\u00e9morable - Drapeau Lesbienne","isPartOf":{"@id":"https:\/\/drapeaux-lesbienne.fr\/#website"},"primaryImageOfPage":{"@id":"https:\/\/drapeaux-lesbienne.fr\/jean-paul-gaultier-et-y-project-une-collaboration-audacieuse-et-memorable\/#primaryimage"},"image":{"@id":"https:\/\/drapeaux-lesbienne.fr\/jean-paul-gaultier-et-y-project-une-collaboration-audacieuse-et-memorable\/#primaryimage"},"thumbnailUrl":"https:\/\/i0.wp.com\/drapeaux-lesbienne.fr\/wp-content\/uploads\/2025\/09\/68c0a850cfde8.png?fit=1024%2C1024&ssl=1","datePublished":"2025-09-09T22:20:50+00:00","breadcrumb":{"@id":"https:\/\/drapeaux-lesbienne.fr\/jean-paul-gaultier-et-y-project-une-collaboration-audacieuse-et-memorable\/#breadcrumb"},"inLanguage":"it-IT","potentialAction":[{"@type":"ReadAction","target":["https:\/\/drapeaux-lesbienne.fr\/jean-paul-gaultier-et-y-project-une-collaboration-audacieuse-et-memorable\/"]}]},{"@type":"ImageObject","inLanguage":"it-IT","@id":"https:\/\/drapeaux-lesbienne.fr\/jean-paul-gaultier-et-y-project-une-collaboration-audacieuse-et-memorable\/#primaryimage","url":"https:\/\/i0.wp.com\/drapeaux-lesbienne.fr\/wp-content\/uploads\/2025\/09\/68c0a850cfde8.png?fit=1024%2C1024&ssl=1","contentUrl":"https:\/\/i0.wp.com\/drapeaux-lesbienne.fr\/wp-content\/uploads\/2025\/09\/68c0a850cfde8.png?fit=1024%2C1024&ssl=1","width":1024,"height":1024,"caption":"Jean Paul Gaultier et Y\/Project: Une Collaboration Audacieuse et M\u00e9morable"},{"@type":"BreadcrumbList","@id":"https:\/\/drapeaux-lesbienne.fr\/jean-paul-gaultier-et-y-project-une-collaboration-audacieuse-et-memorable\/#breadcrumb","itemListElement":[{"@type":"ListItem","position":1,"name":"Accueil","item":"https:\/\/drapeaux-lesbienne.fr\/"},{"@type":"ListItem","position":2,"name":"Jean Paul Gaultier et Y\/Project: Une Collaboration Audacieuse et M\u00e9morable"}]},{"@type":"WebSite","@id":"https:\/\/drapeaux-lesbienne.fr\/#website","url":"https:\/\/drapeaux-lesbienne.fr\/","name":"Bandiere Lesbiche","description":"D\u00e9couvrir les Drapeaux Lesbienne","publisher":{"@id":"https:\/\/drapeaux-lesbienne.fr\/#organization"},"potentialAction":[{"@type":"SearchAction","target":{"@type":"EntryPoint","urlTemplate":"https:\/\/drapeaux-lesbienne.fr\/?s={search_term_string}"},"query-input":{"@type":"PropertyValueSpecification","valueRequired":true,"valueName":"search_term_string"}}],"inLanguage":"it-IT"},{"@type":"Organization","@id":"https:\/\/drapeaux-lesbienne.fr\/#organization","name":"Bandiere Lesbiche","url":"https:\/\/drapeaux-lesbienne.fr\/","logo":{"@type":"ImageObject","inLanguage":"it-IT","@id":"https:\/\/drapeaux-lesbienne.fr\/#\/schema\/logo\/image\/","url":"https:\/\/i0.wp.com\/drapeaux-lesbienne.fr\/wp-content\/uploads\/2024\/06\/drapeaux-lesbienne-icon.jpg?fit=512%2C512&ssl=1","contentUrl":"https:\/\/i0.wp.com\/drapeaux-lesbienne.fr\/wp-content\/uploads\/2024\/06\/drapeaux-lesbienne-icon.jpg?fit=512%2C512&ssl=1","width":512,"height":512,"caption":"Drapeaux Lesbienne"},"image":{"@id":"https:\/\/drapeaux-lesbienne.fr\/#\/schema\/logo\/image\/"}},{"@type":"Person","@id":"https:\/\/drapeaux-lesbienne.fr\/#\/schema\/person\/a8b5bccdc811cdee38d3b61eb337fd14","name":"Maria458","image":{"@type":"ImageObject","inLanguage":"it-IT","@id":"https:\/\/drapeaux-lesbienne.fr\/#\/schema\/person\/image\/","url":"https:\/\/secure.gravatar.com\/avatar\/54e292c37e3a26a39ec0374211533335aae507576f52a51493c07cbe6b1dcdf4?s=96&d=mm&r=g","contentUrl":"https:\/\/secure.gravatar.com\/avatar\/54e292c37e3a26a39ec0374211533335aae507576f52a51493c07cbe6b1dcdf4?s=96&d=mm&r=g","caption":"Maria458"},"sameAs":["http:\/\/drapeaux-lesbienne.fr","https:\/\/www.pinterest.fr\/drapeaulesbienne\/","https:\/\/x.com\/drapeaulesbien","https:\/\/www.tumblr.com\/blog\/drapeau-lesbienne"]}]}},"jetpack_featured_media_url":"https:\/\/i0.wp.com\/drapeaux-lesbienne.fr\/wp-content\/uploads\/2025\/09\/68c0a850cfde8.png?fit=1024%2C1024&ssl=1","jetpack_sharing_enabled":true,"_links":{"self":[{"href":"https:\/\/drapeaux-lesbienne.fr\/it\/wp-json\/wp\/v2\/posts\/3232","targetHints":{"allow":["GET"]}}],"collection":[{"href":"https:\/\/drapeaux-lesbienne.fr\/it\/wp-json\/wp\/v2\/posts"}],"about":[{"href":"https:\/\/drapeaux-lesbienne.fr\/it\/wp-json\/wp\/v2\/types\/post"}],"author":[{"embeddable":true,"href":"https:\/\/drapeaux-lesbienne.fr\/it\/wp-json\/wp\/v2\/users\/1"}],"replies":[{"embeddable":true,"href":"https:\/\/drapeaux-lesbienne.fr\/it\/wp-json\/wp\/v2\/comments?post=3232"}],"version-history":[{"count":0,"href":"https:\/\/drapeaux-lesbienne.fr\/it\/wp-json\/wp\/v2\/posts\/3232\/revisions"}],"wp:featuredmedia":[{"embeddable":true,"href":"https:\/\/drapeaux-lesbienne.fr\/it\/wp-json\/wp\/v2\/media\/3233"}],"wp:attachment":[{"href":"https:\/\/drapeaux-lesbienne.fr\/it\/wp-json\/wp\/v2\/media?parent=3232"}],"wp:term":[{"taxonomy":"category","embeddable":true,"href":"https:\/\/drapeaux-lesbienne.fr\/it\/wp-json\/wp\/v2\/categories?post=3232"},{"taxonomy":"post_tag","embeddable":true,"href":"https:\/\/drapeaux-lesbienne.fr\/it\/wp-json\/wp\/v2\/tags?post=3232"}],"curies":[{"name":"wp","href":"https:\/\/api.w.org\/{rel}","templated":true}]}}