{"id":3582,"date":"2025-10-24T13:41:55","date_gmt":"2025-10-24T11:41:55","guid":{"rendered":"https:\/\/drapeaux-lesbienne.fr\/les-2be3-a-lhonneur-dans-culte-saison-2-stylisee-sur-prime-video\/"},"modified":"2025-10-24T13:41:55","modified_gmt":"2025-10-24T11:41:55","slug":"les-2be3-a-lhonneur-dans-culte-saison-2-stylisee-sur-prime-video","status":"publish","type":"post","link":"https:\/\/drapeaux-lesbienne.fr\/it\/les-2be3-a-lhonneur-dans-culte-saison-2-stylisee-sur-prime-video\/","title":{"rendered":"Les 2Be3 \u00e0 l&rsquo;honneur dans Culte saison 2 stylis\u00e9e sur Prime Video"},"content":{"rendered":"<h2>Une plong\u00e9e nostalgique dans les ann\u00e9es boys band<\/h2>\n<p>Pr\u00e8s de trente ans apr\u00e8s leur fameux hit <em>\u00ab\u00a0Partir un jour sans retour\u00a0\u00bb<\/em>, le groupe 2Be3 refait surface ou, du moins, leur histoire est remise en lumi\u00e8re dans la deuxi\u00e8me saison de la s\u00e9rie <em>Culte<\/em> disponible d\u00e8s le 24 octobre sur Prime Video. Apr\u00e8s avoir explor\u00e9 les dessous de la cr\u00e9ation de <em>Loft Story<\/em> lors de la premi\u00e8re saison, la r\u00e9alisatrice Ya\u00ebl Langmann s&rsquo;attaque cette fois \u00e0 un autre ph\u00e9nom\u00e8ne marquant de la culture pop fran\u00e7aise des ann\u00e9es 1990 : les boys bands. La s\u00e9rie retrace la mont\u00e9e rapide et agit\u00e9e du trio form\u00e9 par Filip, Adel et Frank, des ic\u00f4nes qui ont marqu\u00e9 toute une g\u00e9n\u00e9ration. Port\u00e9e par Antoine Simony, Namory Bakayoko et Marin Judas, <em>Culte<\/em> m\u00e9lange glamour, sueur et d\u00e9sillusions.<\/p>\n<h2>De Longjumeau \u00e0 la c\u00e9l\u00e9brit\u00e9 : la fabrication d&rsquo;une ic\u00f4ne<\/h2>\n<p>\u00c0 la diff\u00e9rence d&rsquo;autres groupes de la m\u00eame \u00e9poque, les 2Be3 n&rsquo;\u00e9taient pas de simples cr\u00e9ations marketing. Originaires de Longjumeau et amis d&rsquo;enfance, ils n&rsquo;ont pas \u00e9t\u00e9 con\u00e7us artificiellement, mais plut\u00f4t adapt\u00e9s pour s&rsquo;aligner sur le mod\u00e8le anglo-saxon des boys bands. Dans <em>Culte<\/em>, les m\u00e9canismes de cette transformation sont mis en lumi\u00e8re : travail de l&rsquo;image, exigences physiques, pression m\u00e9diatique. Comme lors de la premi\u00e8re saison, la s\u00e9rie d\u00e9voile sans fard l&rsquo;impact de la c\u00e9l\u00e9brit\u00e9 sur ces jeunes adultes, confront\u00e9s aux feux de la rampe mais aussi aux exc\u00e8s : f\u00eates, alcool, drogues&#8230; Le tout, sans embellissement.<\/p>\n<h2>Des destins lumineux mais caboss\u00e9s<\/h2>\n<p>Dans le r\u00f4le de Filip, Antoine Simony rappelle que malgr\u00e9 les temp\u00eates travers\u00e9es, les membres des 2Be3 ont toujours conserv\u00e9 une certaine bienveillance. <em>\u00ab On retient la gentillesse et la g\u00e9n\u00e9rosit\u00e9 de ces gars qui ont \u00e9t\u00e9 soumis \u00e0 beaucoup d&rsquo;\u00e9preuves et qui ont v\u00e9cu des choses extraordinaires et aussi tr\u00e8s dures, notamment dans le regard que la soci\u00e9t\u00e9 portait sur eux. Ils ne sont jamais tomb\u00e9s dans la m\u00e9chancet\u00e9, le rejet, le cynisme. \u00bb<\/em> Le casting renforce cette sensibilit\u00e9 avec Daphn\u00e9 B\u00fcrki, remarquable dans <em>Chair tendre<\/em>, interpr\u00e9tant une productrice de maison de disques tiraill\u00e9e entre les imp\u00e9ratifs commerciaux et l&rsquo;humanit\u00e9 des artistes. Elle sert de tampon dans un monde domin\u00e9 par la rentabilit\u00e9.<\/p>\n<h2>Une fraternit\u00e9 palpable \u00e0 l\u2019\u00e9cran<\/h2>\n<p>Tourn\u00e9e en d\u00e9but d&rsquo;ann\u00e9e, la s\u00e9rie mise sur l&rsquo;authenticit\u00e9 des liens entre les acteurs. Lors d&rsquo;une reconstitution du clip <em>Partir un jour<\/em>, le magazine <em>t\u00eatu\u00b7<\/em> a pu constater que l&rsquo;alchimie entre les interpr\u00e8tes d\u00e9passait le cadre de la cam\u00e9ra : \u00e9changes de blagues, discussions complices, rires partag\u00e9s&#8230; Un esprit de fraternit\u00e9 sinc\u00e8re, essentiel pour incarner la dynamique du groupe. <em>\u00ab On a construit une amiti\u00e9 entre nous trois pour qu&rsquo;elle soit le plus visible \u00e0 l&rsquo;image \u00bb,<\/em> confirme Simony.<\/p>\n<h2>Entre d\u00e9sir, sensualit\u00e9 et fascination<\/h2>\n<p>La s\u00e9rie n&rsquo;esquive pas la dimension homo\u00e9rotique propre \u00e0 l&rsquo;univers des boys bands, un aspect pleinement assum\u00e9 par la r\u00e9alisatrice. Les corps sculpt\u00e9s des protagonistes sont constamment visibles \u00e0 l&rsquo;\u00e9cran, non pas comme simples artifices, mais comme \u00e9l\u00e9ments centraux du mythe 2Be3. <em>Culte<\/em> explore ainsi sans d\u00e9tour les codes de s\u00e9duction et l&rsquo;ambigu\u00eft\u00e9 sexuelle entourant ces figures de la pop culture. Concernant la sexualit\u00e9 de Filip, dont la bisexualit\u00e9 a parfois \u00e9t\u00e9 \u00e9voqu\u00e9e, la s\u00e9rie adopte une approche subtile, laissant la place \u00e0 plusieurs interpr\u00e9tations.<\/p>","protected":false},"excerpt":{"rendered":"<p>Une plong\u00e9e nostalgique dans les ann\u00e9es boys band Pr\u00e8s de trente ans apr\u00e8s leur fameux hit \u00ab\u00a0Partir un jour sans retour\u00a0\u00bb, le groupe 2Be3 refait surface ou, du moins, leur histoire est remise en lumi\u00e8re dans la deuxi\u00e8me saison de la s\u00e9rie Culte disponible d\u00e8s le 24 octobre sur Prime Video. Apr\u00e8s avoir explor\u00e9 les&hellip;&nbsp;<a href=\"https:\/\/drapeaux-lesbienne.fr\/it\/les-2be3-a-lhonneur-dans-culte-saison-2-stylisee-sur-prime-video\/\" rel=\"bookmark\"><span class=\"screen-reader-text\">Les 2Be3 \u00e0 l&rsquo;honneur dans Culte saison 2 stylis\u00e9e sur Prime Video<\/span><\/a><\/p>","protected":false},"author":1,"featured_media":3583,"comment_status":"open","ping_status":"open","sticky":false,"template":"","format":"standard","meta":{"neve_meta_sidebar":"","neve_meta_container":"","neve_meta_enable_content_width":"","neve_meta_content_width":0,"neve_meta_title_alignment":"","neve_meta_author_avatar":"","neve_post_elements_order":"","neve_meta_disable_header":"","neve_meta_disable_footer":"","neve_meta_disable_title":"","_jetpack_memberships_contains_paid_content":false,"footnotes":""},"categories":[40],"tags":[],"class_list":["post-3582","post","type-post","status-publish","format-standard","has-post-thumbnail","hentry","category-actualites-news-lgbt"],"yoast_head":"<!-- This site is optimized with the Yoast SEO plugin v26.8 - https:\/\/yoast.com\/product\/yoast-seo-wordpress\/ -->\n<title>Les 2Be3 \u00e0 l&#039;honneur dans Culte saison 2 stylis\u00e9e sur Prime Video - Drapeau Lesbienne<\/title>\n<meta name=\"robots\" content=\"index, follow, max-snippet:-1, max-image-preview:large, max-video-preview:-1\" \/>\n<link rel=\"canonical\" href=\"https:\/\/drapeaux-lesbienne.fr\/it\/les-2be3-a-lhonneur-dans-culte-saison-2-stylisee-sur-prime-video\/\" \/>\n<meta property=\"og:locale\" content=\"it_IT\" \/>\n<meta property=\"og:type\" content=\"article\" \/>\n<meta property=\"og:title\" content=\"Les 2Be3 \u00e0 l&#039;honneur dans Culte saison 2 stylis\u00e9e sur Prime Video - Drapeau Lesbienne\" \/>\n<meta property=\"og:description\" content=\"Une plong\u00e9e nostalgique dans les ann\u00e9es boys band Pr\u00e8s de trente ans apr\u00e8s leur fameux hit \u00ab\u00a0Partir un jour sans retour\u00a0\u00bb, le groupe 2Be3 refait surface ou, du moins, leur histoire est remise en lumi\u00e8re dans la deuxi\u00e8me saison de la s\u00e9rie Culte disponible d\u00e8s le 24 octobre sur Prime Video. Apr\u00e8s avoir explor\u00e9 les&hellip;&nbsp;Les 2Be3 \u00e0 l&rsquo;honneur dans Culte saison 2 stylis\u00e9e sur Prime Video\" \/>\n<meta property=\"og:url\" content=\"https:\/\/drapeaux-lesbienne.fr\/it\/les-2be3-a-lhonneur-dans-culte-saison-2-stylisee-sur-prime-video\/\" \/>\n<meta property=\"og:site_name\" content=\"Drapeau Lesbienne\" \/>\n<meta property=\"article:published_time\" content=\"2025-10-24T11:41:55+00:00\" \/>\n<meta property=\"og:image\" content=\"https:\/\/i0.wp.com\/drapeaux-lesbienne.fr\/wp-content\/uploads\/2025\/10\/68fb66152a403.png?fit=1024%2C1024&ssl=1\" \/>\n\t<meta property=\"og:image:width\" content=\"1024\" \/>\n\t<meta property=\"og:image:height\" content=\"1024\" \/>\n\t<meta property=\"og:image:type\" content=\"image\/png\" \/>\n<meta name=\"author\" content=\"Maria458\" \/>\n<meta name=\"twitter:card\" content=\"summary_large_image\" \/>\n<meta name=\"twitter:creator\" content=\"@drapeaulesbien\" \/>\n<meta name=\"twitter:label1\" content=\"Scritto da\" \/>\n\t<meta name=\"twitter:data1\" content=\"Maria458\" \/>\n\t<meta name=\"twitter:label2\" content=\"Tempo di lettura stimato\" \/>\n\t<meta name=\"twitter:data2\" content=\"3 minuti\" \/>\n<script type=\"application\/ld+json\" class=\"yoast-schema-graph\">{\"@context\":\"https:\/\/schema.org\",\"@graph\":[{\"@type\":\"Article\",\"@id\":\"https:\/\/drapeaux-lesbienne.fr\/les-2be3-a-lhonneur-dans-culte-saison-2-stylisee-sur-prime-video\/#article\",\"isPartOf\":{\"@id\":\"https:\/\/drapeaux-lesbienne.fr\/les-2be3-a-lhonneur-dans-culte-saison-2-stylisee-sur-prime-video\/\"},\"author\":{\"name\":\"Maria458\",\"@id\":\"https:\/\/drapeaux-lesbienne.fr\/#\/schema\/person\/a8b5bccdc811cdee38d3b61eb337fd14\"},\"headline\":\"Les 2Be3 \u00e0 l&rsquo;honneur dans Culte saison 2 stylis\u00e9e sur Prime Video\",\"datePublished\":\"2025-10-24T11:41:55+00:00\",\"mainEntityOfPage\":{\"@id\":\"https:\/\/drapeaux-lesbienne.fr\/les-2be3-a-lhonneur-dans-culte-saison-2-stylisee-sur-prime-video\/\"},\"wordCount\":609,\"commentCount\":0,\"publisher\":{\"@id\":\"https:\/\/drapeaux-lesbienne.fr\/#organization\"},\"image\":{\"@id\":\"https:\/\/drapeaux-lesbienne.fr\/les-2be3-a-lhonneur-dans-culte-saison-2-stylisee-sur-prime-video\/#primaryimage\"},\"thumbnailUrl\":\"https:\/\/i0.wp.com\/drapeaux-lesbienne.fr\/wp-content\/uploads\/2025\/10\/68fb66152a403.png?fit=1024%2C1024&ssl=1\",\"articleSection\":[\"Actualit\u00e9s News LGBT\"],\"inLanguage\":\"it-IT\",\"potentialAction\":[{\"@type\":\"CommentAction\",\"name\":\"Comment\",\"target\":[\"https:\/\/drapeaux-lesbienne.fr\/les-2be3-a-lhonneur-dans-culte-saison-2-stylisee-sur-prime-video\/#respond\"]}]},{\"@type\":\"WebPage\",\"@id\":\"https:\/\/drapeaux-lesbienne.fr\/les-2be3-a-lhonneur-dans-culte-saison-2-stylisee-sur-prime-video\/\",\"url\":\"https:\/\/drapeaux-lesbienne.fr\/les-2be3-a-lhonneur-dans-culte-saison-2-stylisee-sur-prime-video\/\",\"name\":\"Les 2Be3 \u00e0 l'honneur dans Culte saison 2 stylis\u00e9e sur Prime Video - Drapeau Lesbienne\",\"isPartOf\":{\"@id\":\"https:\/\/drapeaux-lesbienne.fr\/#website\"},\"primaryImageOfPage\":{\"@id\":\"https:\/\/drapeaux-lesbienne.fr\/les-2be3-a-lhonneur-dans-culte-saison-2-stylisee-sur-prime-video\/#primaryimage\"},\"image\":{\"@id\":\"https:\/\/drapeaux-lesbienne.fr\/les-2be3-a-lhonneur-dans-culte-saison-2-stylisee-sur-prime-video\/#primaryimage\"},\"thumbnailUrl\":\"https:\/\/i0.wp.com\/drapeaux-lesbienne.fr\/wp-content\/uploads\/2025\/10\/68fb66152a403.png?fit=1024%2C1024&ssl=1\",\"datePublished\":\"2025-10-24T11:41:55+00:00\",\"breadcrumb\":{\"@id\":\"https:\/\/drapeaux-lesbienne.fr\/les-2be3-a-lhonneur-dans-culte-saison-2-stylisee-sur-prime-video\/#breadcrumb\"},\"inLanguage\":\"it-IT\",\"potentialAction\":[{\"@type\":\"ReadAction\",\"target\":[\"https:\/\/drapeaux-lesbienne.fr\/les-2be3-a-lhonneur-dans-culte-saison-2-stylisee-sur-prime-video\/\"]}]},{\"@type\":\"ImageObject\",\"inLanguage\":\"it-IT\",\"@id\":\"https:\/\/drapeaux-lesbienne.fr\/les-2be3-a-lhonneur-dans-culte-saison-2-stylisee-sur-prime-video\/#primaryimage\",\"url\":\"https:\/\/i0.wp.com\/drapeaux-lesbienne.fr\/wp-content\/uploads\/2025\/10\/68fb66152a403.png?fit=1024%2C1024&ssl=1\",\"contentUrl\":\"https:\/\/i0.wp.com\/drapeaux-lesbienne.fr\/wp-content\/uploads\/2025\/10\/68fb66152a403.png?fit=1024%2C1024&ssl=1\",\"width\":1024,\"height\":1024,\"caption\":\"Les 2Be3 \u00e0 l'honneur dans Culte saison 2 stylis\u00e9e sur Prime Video\"},{\"@type\":\"BreadcrumbList\",\"@id\":\"https:\/\/drapeaux-lesbienne.fr\/les-2be3-a-lhonneur-dans-culte-saison-2-stylisee-sur-prime-video\/#breadcrumb\",\"itemListElement\":[{\"@type\":\"ListItem\",\"position\":1,\"name\":\"Accueil\",\"item\":\"https:\/\/drapeaux-lesbienne.fr\/\"},{\"@type\":\"ListItem\",\"position\":2,\"name\":\"Les 2Be3 \u00e0 l&rsquo;honneur dans Culte saison 2 stylis\u00e9e sur Prime Video\"}]},{\"@type\":\"WebSite\",\"@id\":\"https:\/\/drapeaux-lesbienne.fr\/#website\",\"url\":\"https:\/\/drapeaux-lesbienne.fr\/\",\"name\":\"Drapeaux Lesbienne\",\"description\":\"D\u00e9couvrir les Drapeaux Lesbienne\",\"publisher\":{\"@id\":\"https:\/\/drapeaux-lesbienne.fr\/#organization\"},\"potentialAction\":[{\"@type\":\"SearchAction\",\"target\":{\"@type\":\"EntryPoint\",\"urlTemplate\":\"https:\/\/drapeaux-lesbienne.fr\/?s={search_term_string}\"},\"query-input\":{\"@type\":\"PropertyValueSpecification\",\"valueRequired\":true,\"valueName\":\"search_term_string\"}}],\"inLanguage\":\"it-IT\"},{\"@type\":\"Organization\",\"@id\":\"https:\/\/drapeaux-lesbienne.fr\/#organization\",\"name\":\"Drapeaux Lesbienne\",\"url\":\"https:\/\/drapeaux-lesbienne.fr\/\",\"logo\":{\"@type\":\"ImageObject\",\"inLanguage\":\"it-IT\",\"@id\":\"https:\/\/drapeaux-lesbienne.fr\/#\/schema\/logo\/image\/\",\"url\":\"https:\/\/i0.wp.com\/drapeaux-lesbienne.fr\/wp-content\/uploads\/2024\/06\/drapeaux-lesbienne-icon.jpg?fit=512%2C512&ssl=1\",\"contentUrl\":\"https:\/\/i0.wp.com\/drapeaux-lesbienne.fr\/wp-content\/uploads\/2024\/06\/drapeaux-lesbienne-icon.jpg?fit=512%2C512&ssl=1\",\"width\":512,\"height\":512,\"caption\":\"Drapeaux Lesbienne\"},\"image\":{\"@id\":\"https:\/\/drapeaux-lesbienne.fr\/#\/schema\/logo\/image\/\"}},{\"@type\":\"Person\",\"@id\":\"https:\/\/drapeaux-lesbienne.fr\/#\/schema\/person\/a8b5bccdc811cdee38d3b61eb337fd14\",\"name\":\"Maria458\",\"image\":{\"@type\":\"ImageObject\",\"inLanguage\":\"it-IT\",\"@id\":\"https:\/\/drapeaux-lesbienne.fr\/#\/schema\/person\/image\/\",\"url\":\"https:\/\/secure.gravatar.com\/avatar\/54e292c37e3a26a39ec0374211533335aae507576f52a51493c07cbe6b1dcdf4?s=96&d=mm&r=g\",\"contentUrl\":\"https:\/\/secure.gravatar.com\/avatar\/54e292c37e3a26a39ec0374211533335aae507576f52a51493c07cbe6b1dcdf4?s=96&d=mm&r=g\",\"caption\":\"Maria458\"},\"sameAs\":[\"http:\/\/drapeaux-lesbienne.fr\",\"https:\/\/www.pinterest.fr\/drapeaulesbienne\/\",\"https:\/\/x.com\/drapeaulesbien\",\"https:\/\/www.tumblr.com\/blog\/drapeau-lesbienne\"]}]}<\/script>\n<!-- \/ Yoast SEO plugin. -->","yoast_head_json":{"title":"Les 2Be3 \u00e0 l'honneur dans Culte saison 2 stylis\u00e9e sur Prime Video - Drapeau Lesbienne","robots":{"index":"index","follow":"follow","max-snippet":"max-snippet:-1","max-image-preview":"max-image-preview:large","max-video-preview":"max-video-preview:-1"},"canonical":"https:\/\/drapeaux-lesbienne.fr\/it\/les-2be3-a-lhonneur-dans-culte-saison-2-stylisee-sur-prime-video\/","og_locale":"it_IT","og_type":"article","og_title":"Les 2Be3 \u00e0 l'honneur dans Culte saison 2 stylis\u00e9e sur Prime Video - Drapeau Lesbienne","og_description":"Une plong\u00e9e nostalgique dans les ann\u00e9es boys band Pr\u00e8s de trente ans apr\u00e8s leur fameux hit \u00ab\u00a0Partir un jour sans retour\u00a0\u00bb, le groupe 2Be3 refait surface ou, du moins, leur histoire est remise en lumi\u00e8re dans la deuxi\u00e8me saison de la s\u00e9rie Culte disponible d\u00e8s le 24 octobre sur Prime Video. Apr\u00e8s avoir explor\u00e9 les&hellip;&nbsp;Les 2Be3 \u00e0 l&rsquo;honneur dans Culte saison 2 stylis\u00e9e sur Prime Video","og_url":"https:\/\/drapeaux-lesbienne.fr\/it\/les-2be3-a-lhonneur-dans-culte-saison-2-stylisee-sur-prime-video\/","og_site_name":"Drapeau Lesbienne","article_published_time":"2025-10-24T11:41:55+00:00","og_image":[{"width":1024,"height":1024,"url":"https:\/\/i0.wp.com\/drapeaux-lesbienne.fr\/wp-content\/uploads\/2025\/10\/68fb66152a403.png?fit=1024%2C1024&ssl=1","type":"image\/png"}],"author":"Maria458","twitter_card":"summary_large_image","twitter_creator":"@drapeaulesbien","twitter_misc":{"Scritto da":"Maria458","Tempo di lettura stimato":"3 minuti"},"schema":{"@context":"https:\/\/schema.org","@graph":[{"@type":"Article","@id":"https:\/\/drapeaux-lesbienne.fr\/les-2be3-a-lhonneur-dans-culte-saison-2-stylisee-sur-prime-video\/#article","isPartOf":{"@id":"https:\/\/drapeaux-lesbienne.fr\/les-2be3-a-lhonneur-dans-culte-saison-2-stylisee-sur-prime-video\/"},"author":{"name":"Maria458","@id":"https:\/\/drapeaux-lesbienne.fr\/#\/schema\/person\/a8b5bccdc811cdee38d3b61eb337fd14"},"headline":"Les 2Be3 \u00e0 l&rsquo;honneur dans Culte saison 2 stylis\u00e9e sur Prime Video","datePublished":"2025-10-24T11:41:55+00:00","mainEntityOfPage":{"@id":"https:\/\/drapeaux-lesbienne.fr\/les-2be3-a-lhonneur-dans-culte-saison-2-stylisee-sur-prime-video\/"},"wordCount":609,"commentCount":0,"publisher":{"@id":"https:\/\/drapeaux-lesbienne.fr\/#organization"},"image":{"@id":"https:\/\/drapeaux-lesbienne.fr\/les-2be3-a-lhonneur-dans-culte-saison-2-stylisee-sur-prime-video\/#primaryimage"},"thumbnailUrl":"https:\/\/i0.wp.com\/drapeaux-lesbienne.fr\/wp-content\/uploads\/2025\/10\/68fb66152a403.png?fit=1024%2C1024&ssl=1","articleSection":["Actualit\u00e9s News LGBT"],"inLanguage":"it-IT","potentialAction":[{"@type":"CommentAction","name":"Comment","target":["https:\/\/drapeaux-lesbienne.fr\/les-2be3-a-lhonneur-dans-culte-saison-2-stylisee-sur-prime-video\/#respond"]}]},{"@type":"WebPage","@id":"https:\/\/drapeaux-lesbienne.fr\/les-2be3-a-lhonneur-dans-culte-saison-2-stylisee-sur-prime-video\/","url":"https:\/\/drapeaux-lesbienne.fr\/les-2be3-a-lhonneur-dans-culte-saison-2-stylisee-sur-prime-video\/","name":"Les 2Be3 \u00e0 l'honneur dans Culte saison 2 stylis\u00e9e sur Prime Video - Drapeau Lesbienne","isPartOf":{"@id":"https:\/\/drapeaux-lesbienne.fr\/#website"},"primaryImageOfPage":{"@id":"https:\/\/drapeaux-lesbienne.fr\/les-2be3-a-lhonneur-dans-culte-saison-2-stylisee-sur-prime-video\/#primaryimage"},"image":{"@id":"https:\/\/drapeaux-lesbienne.fr\/les-2be3-a-lhonneur-dans-culte-saison-2-stylisee-sur-prime-video\/#primaryimage"},"thumbnailUrl":"https:\/\/i0.wp.com\/drapeaux-lesbienne.fr\/wp-content\/uploads\/2025\/10\/68fb66152a403.png?fit=1024%2C1024&ssl=1","datePublished":"2025-10-24T11:41:55+00:00","breadcrumb":{"@id":"https:\/\/drapeaux-lesbienne.fr\/les-2be3-a-lhonneur-dans-culte-saison-2-stylisee-sur-prime-video\/#breadcrumb"},"inLanguage":"it-IT","potentialAction":[{"@type":"ReadAction","target":["https:\/\/drapeaux-lesbienne.fr\/les-2be3-a-lhonneur-dans-culte-saison-2-stylisee-sur-prime-video\/"]}]},{"@type":"ImageObject","inLanguage":"it-IT","@id":"https:\/\/drapeaux-lesbienne.fr\/les-2be3-a-lhonneur-dans-culte-saison-2-stylisee-sur-prime-video\/#primaryimage","url":"https:\/\/i0.wp.com\/drapeaux-lesbienne.fr\/wp-content\/uploads\/2025\/10\/68fb66152a403.png?fit=1024%2C1024&ssl=1","contentUrl":"https:\/\/i0.wp.com\/drapeaux-lesbienne.fr\/wp-content\/uploads\/2025\/10\/68fb66152a403.png?fit=1024%2C1024&ssl=1","width":1024,"height":1024,"caption":"Les 2Be3 \u00e0 l'honneur dans Culte saison 2 stylis\u00e9e sur Prime Video"},{"@type":"BreadcrumbList","@id":"https:\/\/drapeaux-lesbienne.fr\/les-2be3-a-lhonneur-dans-culte-saison-2-stylisee-sur-prime-video\/#breadcrumb","itemListElement":[{"@type":"ListItem","position":1,"name":"Accueil","item":"https:\/\/drapeaux-lesbienne.fr\/"},{"@type":"ListItem","position":2,"name":"Les 2Be3 \u00e0 l&rsquo;honneur dans Culte saison 2 stylis\u00e9e sur Prime Video"}]},{"@type":"WebSite","@id":"https:\/\/drapeaux-lesbienne.fr\/#website","url":"https:\/\/drapeaux-lesbienne.fr\/","name":"Bandiere Lesbiche","description":"D\u00e9couvrir les Drapeaux Lesbienne","publisher":{"@id":"https:\/\/drapeaux-lesbienne.fr\/#organization"},"potentialAction":[{"@type":"SearchAction","target":{"@type":"EntryPoint","urlTemplate":"https:\/\/drapeaux-lesbienne.fr\/?s={search_term_string}"},"query-input":{"@type":"PropertyValueSpecification","valueRequired":true,"valueName":"search_term_string"}}],"inLanguage":"it-IT"},{"@type":"Organization","@id":"https:\/\/drapeaux-lesbienne.fr\/#organization","name":"Bandiere Lesbiche","url":"https:\/\/drapeaux-lesbienne.fr\/","logo":{"@type":"ImageObject","inLanguage":"it-IT","@id":"https:\/\/drapeaux-lesbienne.fr\/#\/schema\/logo\/image\/","url":"https:\/\/i0.wp.com\/drapeaux-lesbienne.fr\/wp-content\/uploads\/2024\/06\/drapeaux-lesbienne-icon.jpg?fit=512%2C512&ssl=1","contentUrl":"https:\/\/i0.wp.com\/drapeaux-lesbienne.fr\/wp-content\/uploads\/2024\/06\/drapeaux-lesbienne-icon.jpg?fit=512%2C512&ssl=1","width":512,"height":512,"caption":"Drapeaux Lesbienne"},"image":{"@id":"https:\/\/drapeaux-lesbienne.fr\/#\/schema\/logo\/image\/"}},{"@type":"Person","@id":"https:\/\/drapeaux-lesbienne.fr\/#\/schema\/person\/a8b5bccdc811cdee38d3b61eb337fd14","name":"Maria458","image":{"@type":"ImageObject","inLanguage":"it-IT","@id":"https:\/\/drapeaux-lesbienne.fr\/#\/schema\/person\/image\/","url":"https:\/\/secure.gravatar.com\/avatar\/54e292c37e3a26a39ec0374211533335aae507576f52a51493c07cbe6b1dcdf4?s=96&d=mm&r=g","contentUrl":"https:\/\/secure.gravatar.com\/avatar\/54e292c37e3a26a39ec0374211533335aae507576f52a51493c07cbe6b1dcdf4?s=96&d=mm&r=g","caption":"Maria458"},"sameAs":["http:\/\/drapeaux-lesbienne.fr","https:\/\/www.pinterest.fr\/drapeaulesbienne\/","https:\/\/x.com\/drapeaulesbien","https:\/\/www.tumblr.com\/blog\/drapeau-lesbienne"]}]}},"jetpack_featured_media_url":"https:\/\/i0.wp.com\/drapeaux-lesbienne.fr\/wp-content\/uploads\/2025\/10\/68fb66152a403.png?fit=1024%2C1024&ssl=1","jetpack_sharing_enabled":true,"_links":{"self":[{"href":"https:\/\/drapeaux-lesbienne.fr\/it\/wp-json\/wp\/v2\/posts\/3582","targetHints":{"allow":["GET"]}}],"collection":[{"href":"https:\/\/drapeaux-lesbienne.fr\/it\/wp-json\/wp\/v2\/posts"}],"about":[{"href":"https:\/\/drapeaux-lesbienne.fr\/it\/wp-json\/wp\/v2\/types\/post"}],"author":[{"embeddable":true,"href":"https:\/\/drapeaux-lesbienne.fr\/it\/wp-json\/wp\/v2\/users\/1"}],"replies":[{"embeddable":true,"href":"https:\/\/drapeaux-lesbienne.fr\/it\/wp-json\/wp\/v2\/comments?post=3582"}],"version-history":[{"count":0,"href":"https:\/\/drapeaux-lesbienne.fr\/it\/wp-json\/wp\/v2\/posts\/3582\/revisions"}],"wp:featuredmedia":[{"embeddable":true,"href":"https:\/\/drapeaux-lesbienne.fr\/it\/wp-json\/wp\/v2\/media\/3583"}],"wp:attachment":[{"href":"https:\/\/drapeaux-lesbienne.fr\/it\/wp-json\/wp\/v2\/media?parent=3582"}],"wp:term":[{"taxonomy":"category","embeddable":true,"href":"https:\/\/drapeaux-lesbienne.fr\/it\/wp-json\/wp\/v2\/categories?post=3582"},{"taxonomy":"post_tag","embeddable":true,"href":"https:\/\/drapeaux-lesbienne.fr\/it\/wp-json\/wp\/v2\/tags?post=3582"}],"curies":[{"name":"wp","href":"https:\/\/api.w.org\/{rel}","templated":true}]}}