{"id":4203,"date":"2025-12-09T15:52:11","date_gmt":"2025-12-09T14:52:11","guid":{"rendered":"https:\/\/drapeaux-lesbienne.fr\/8-ans-de-prison-pour-les-agresseurs-homophobes-dans-un-guet-apens\/"},"modified":"2025-12-09T15:52:11","modified_gmt":"2025-12-09T14:52:11","slug":"8-ans-de-prison-pour-les-agresseurs-homophobes-dans-un-guet-apens","status":"publish","type":"post","link":"https:\/\/drapeaux-lesbienne.fr\/it\/8-ans-de-prison-pour-les-agresseurs-homophobes-dans-un-guet-apens\/","title":{"rendered":"8 ans de prison pour les agresseurs homophobes dans un guet-apens"},"content":{"rendered":"<h2>Un pi\u00e8ge tendu \u00e0 des hommes gays : huit ans de prison pour Ilies B.<\/h2>\n<p>Ilies B., \u00e2g\u00e9 de 28 ans, a \u00e9t\u00e9 jug\u00e9 coupable d&rsquo;avoir attir\u00e9 et agress\u00e9 quatre hommes homosexuels en d\u00e9cembre 2022, via des sites de rencontre, dans les sous-sols de l&rsquo;immeuble de sa m\u00e8re. La Cour d&rsquo;assises d&rsquo;appel de l&rsquo;Essonne l&rsquo;a condamn\u00e9 \u00e0 huit ans de r\u00e9clusion criminelle lors d&rsquo;un second proc\u00e8s. L&rsquo;accus\u00e9 a finalement reconnu la nature homophobe de ses actes. Malgr\u00e9 une r\u00e9duction de cinq ans par rapport \u00e0 la premi\u00e8re condamnation, la peine souligne la gravit\u00e9 de ses actes. L&rsquo;\u00e9motion a marqu\u00e9 l&rsquo;audience lors du t\u00e9moignage de sa m\u00e8re, visiblement boulevers\u00e9e par l&rsquo;affaire.<\/p>\n<h2>Une m\u00e9thode violente et cibl\u00e9e, r\u00e9v\u00e9latrice d\u2019un ph\u00e9nom\u00e8ne grandissant<\/h2>\n<p>Les incidents illustrent une tendance alarmante de pi\u00e8ges visant les homosexuels. Profitant de plateformes comme Coco et plansm.com, l&rsquo;accus\u00e9 contactait des hommes, les attirait dans sa r\u00e9sidence, et les mena\u00e7ait d&rsquo;un couteau, souvent un Opinel ou un hachoir. Les victimes \u00e9taient contraintes de s&rsquo;allonger sous une chaise jusqu&rsquo;\u00e0 ce que leur agresseur parte. L&rsquo;une des sc\u00e8nes, marqu\u00e9e par l&rsquo;intimidation, a vu Ilies racler une lame contre une canalisation pour intensifier la peur, \u00e0 l&rsquo;image des films.<\/p>\n<h2>Une reconnaissance tardive du mobile homophobe<\/h2>\n<p>Lors de son premier proc\u00e8s en septembre 2024, Ilies B. a ni\u00e9 les motivations homophobes, malgr\u00e9 l&#8217;emploi d&rsquo;insultes \u00e0 caract\u00e8re homophobe. Il pr\u00e9tendait avoir choisi des victimes homosexuelles pour leur accessibilit\u00e9 plus grande. Cependant, le tribunal a maintenu les charges aggrav\u00e9es d&rsquo;usage d&rsquo;arme et de discrimination. Le verdict initial avait laiss\u00e9 un sentiment d&rsquo;inachev\u00e9 chez les victimes, bluffant m\u00eame Ilies qui esp\u00e9rait une r\u00e9duction de peine en faisant appel.<\/p>\n<h2>Un revirement \u00e0 l\u2019audience d\u2019appel<\/h2>\n<p>Lors du proc\u00e8s d&rsquo;appel apr\u00e8s trois ans de d\u00e9tention, le discours d&rsquo;Ilies B. a peu \u00e9volu\u00e9. D&rsquo;abord dans le d\u00e9ni, il a fini par admettre ses propos homophobes, affirmant les avoir entendus dans son quartier. Sous les encouragements de sa s\u0153ur, il a finalement reconnu sa v\u00e9ritable motivation, mais la Cour est rest\u00e9e sceptique, soulignant ses \u00ab\u00a0angles morts\u00a0\u00bb dans la compr\u00e9hension de ses actes.<\/p>\n<h2>Des victimes durablement marqu\u00e9es<\/h2>\n<p>Trois ans apr\u00e8s les faits, les s\u00e9quelles chez les quatre victimes de l&rsquo;agression demeurent vives. Maxime, fonctionnaire de 36 ans, a cess\u00e9 toute activit\u00e9 sexuelle. Dylan, 31 ans, reconna\u00eet que le soutien familial lui a \u00e9vit\u00e9 le pire. Romain, musicien de 46 ans, a vu son talent pour le piano bris\u00e9 par une blessure. Pour Florent, photographe de 29 ans, la culpabilit\u00e9 et la m\u00e9fiance persistent. Chacune de ces victimes exprime un traumatisme aggrav\u00e9 par le contexte des rencontres.<\/p>\n<h2>Une strat\u00e9gie assum\u00e9e, des pr\u00e9jug\u00e9s r\u00e9v\u00e9lateurs<\/h2>\n<p>Ilies B. nie toute attirance pour les hommes, expliquant que les photos utilis\u00e9es provenaient de recherches Internet. Il justifiait le ciblage des homosexuels par des raisons \u00ab\u00a0pratiques\u00a0\u00bb et estimait qu&rsquo;ils ne porteraient pas plainte. La Cour a point\u00e9 ces pr\u00e9jug\u00e9s comme preuve de discrimination. L&rsquo;enqu\u00eate a \u00e9t\u00e9 facilit\u00e9e par l&rsquo;absence de pr\u00e9cautions d&rsquo;Ilies, les victimes connaissant m\u00eame le digicode de l&rsquo;immeuble.<\/p>\n<h2>Le proc\u00e8s d\u2019un syst\u00e8me de violences cibl\u00e9es<\/h2>\n<p>Les avocats des parties civiles ont soulign\u00e9 que le proc\u00e8s allait au-del\u00e0 d&rsquo;un simple vol, qualifiant les actions d&rsquo;Ilies comme une attaque dirig\u00e9e contre ce qui rend les victimes uniques. Malgr\u00e9 des aveux partiels, le repentir de l&rsquo;accus\u00e9 reste en question. L&rsquo;avocate g\u00e9n\u00e9rale a plac\u00e9 ces faits dans un contexte plus large de violences homophobes, rappelant la fr\u00e9quence inqui\u00e9tante de ces attaques et la besoin de soutenir les victimes.<\/p>\n<h2>Une d\u00e9cision judiciaire lourde de sens<\/h2>\n<p>Le verdict met en exergue la s\u00e9v\u00e9rit\u00e9 de ces actes dans un contexte intimiste. La cour a soulign\u00e9 l&rsquo;intrusion violente dans un espace de rencontre, accentuant ainsi la profondeur du traumatisme subi. Cette reconnaissance judiciaire marque un changement de perspective, o\u00f9 les victimes de guets-apens homophobes ne sont plus n\u00e9glig\u00e9es, et les auteurs clairement d\u00e9sign\u00e9s et punis.<\/p>","protected":false},"excerpt":{"rendered":"<p>Un pi\u00e8ge tendu \u00e0 des hommes gays : huit ans de prison pour Ilies B. Ilies B., \u00e2g\u00e9 de 28 ans, a \u00e9t\u00e9 jug\u00e9 coupable d&rsquo;avoir attir\u00e9 et agress\u00e9 quatre hommes homosexuels en d\u00e9cembre 2022, via des sites de rencontre, dans les sous-sols de l&rsquo;immeuble de sa m\u00e8re. La Cour d&rsquo;assises d&rsquo;appel de l&rsquo;Essonne l&rsquo;a&hellip;&nbsp;<a href=\"https:\/\/drapeaux-lesbienne.fr\/it\/8-ans-de-prison-pour-les-agresseurs-homophobes-dans-un-guet-apens\/\" rel=\"bookmark\"><span class=\"screen-reader-text\">8 ans de prison pour les agresseurs homophobes dans un guet-apens<\/span><\/a><\/p>","protected":false},"author":1,"featured_media":0,"comment_status":"open","ping_status":"open","sticky":false,"template":"","format":"standard","meta":{"neve_meta_sidebar":"","neve_meta_container":"","neve_meta_enable_content_width":"","neve_meta_content_width":0,"neve_meta_title_alignment":"","neve_meta_author_avatar":"","neve_post_elements_order":"","neve_meta_disable_header":"","neve_meta_disable_footer":"","neve_meta_disable_title":"","_jetpack_memberships_contains_paid_content":false,"footnotes":""},"categories":[40],"tags":[],"class_list":["post-4203","post","type-post","status-publish","format-standard","hentry","category-actualites-news-lgbt"],"yoast_head":"<!-- This site is optimized with the Yoast SEO plugin v26.8 - https:\/\/yoast.com\/product\/yoast-seo-wordpress\/ -->\n<title>8 ans de prison pour les agresseurs homophobes dans un guet-apens - Drapeau Lesbienne<\/title>\n<meta name=\"robots\" content=\"index, follow, max-snippet:-1, max-image-preview:large, max-video-preview:-1\" \/>\n<link rel=\"canonical\" href=\"https:\/\/drapeaux-lesbienne.fr\/it\/8-ans-de-prison-pour-les-agresseurs-homophobes-dans-un-guet-apens\/\" \/>\n<meta property=\"og:locale\" content=\"it_IT\" \/>\n<meta property=\"og:type\" content=\"article\" \/>\n<meta property=\"og:title\" content=\"8 ans de prison pour les agresseurs homophobes dans un guet-apens - Drapeau Lesbienne\" \/>\n<meta property=\"og:description\" content=\"Un pi\u00e8ge tendu \u00e0 des hommes gays : huit ans de prison pour Ilies B. Ilies B., \u00e2g\u00e9 de 28 ans, a \u00e9t\u00e9 jug\u00e9 coupable d&rsquo;avoir attir\u00e9 et agress\u00e9 quatre hommes homosexuels en d\u00e9cembre 2022, via des sites de rencontre, dans les sous-sols de l&rsquo;immeuble de sa m\u00e8re. La Cour d&rsquo;assises d&rsquo;appel de l&rsquo;Essonne l&rsquo;a&hellip;&nbsp;8 ans de prison pour les agresseurs homophobes dans un guet-apens\" \/>\n<meta property=\"og:url\" content=\"https:\/\/drapeaux-lesbienne.fr\/it\/8-ans-de-prison-pour-les-agresseurs-homophobes-dans-un-guet-apens\/\" \/>\n<meta property=\"og:site_name\" content=\"Drapeau Lesbienne\" \/>\n<meta property=\"article:published_time\" content=\"2025-12-09T14:52:11+00:00\" \/>\n<meta name=\"author\" content=\"Maria458\" \/>\n<meta name=\"twitter:card\" content=\"summary_large_image\" \/>\n<meta name=\"twitter:creator\" content=\"@drapeaulesbien\" \/>\n<meta name=\"twitter:label1\" content=\"Scritto da\" \/>\n\t<meta name=\"twitter:data1\" content=\"Maria458\" \/>\n\t<meta name=\"twitter:label2\" content=\"Tempo di lettura stimato\" \/>\n\t<meta name=\"twitter:data2\" content=\"3 minuti\" \/>\n<script type=\"application\/ld+json\" class=\"yoast-schema-graph\">{\"@context\":\"https:\/\/schema.org\",\"@graph\":[{\"@type\":\"Article\",\"@id\":\"https:\/\/drapeaux-lesbienne.fr\/8-ans-de-prison-pour-les-agresseurs-homophobes-dans-un-guet-apens\/#article\",\"isPartOf\":{\"@id\":\"https:\/\/drapeaux-lesbienne.fr\/8-ans-de-prison-pour-les-agresseurs-homophobes-dans-un-guet-apens\/\"},\"author\":{\"name\":\"Maria458\",\"@id\":\"https:\/\/drapeaux-lesbienne.fr\/#\/schema\/person\/a8b5bccdc811cdee38d3b61eb337fd14\"},\"headline\":\"8 ans de prison pour les agresseurs homophobes dans un guet-apens\",\"datePublished\":\"2025-12-09T14:52:11+00:00\",\"mainEntityOfPage\":{\"@id\":\"https:\/\/drapeaux-lesbienne.fr\/8-ans-de-prison-pour-les-agresseurs-homophobes-dans-un-guet-apens\/\"},\"wordCount\":700,\"commentCount\":0,\"publisher\":{\"@id\":\"https:\/\/drapeaux-lesbienne.fr\/#organization\"},\"articleSection\":[\"Actualit\u00e9s News LGBT\"],\"inLanguage\":\"it-IT\",\"potentialAction\":[{\"@type\":\"CommentAction\",\"name\":\"Comment\",\"target\":[\"https:\/\/drapeaux-lesbienne.fr\/8-ans-de-prison-pour-les-agresseurs-homophobes-dans-un-guet-apens\/#respond\"]}]},{\"@type\":\"WebPage\",\"@id\":\"https:\/\/drapeaux-lesbienne.fr\/8-ans-de-prison-pour-les-agresseurs-homophobes-dans-un-guet-apens\/\",\"url\":\"https:\/\/drapeaux-lesbienne.fr\/8-ans-de-prison-pour-les-agresseurs-homophobes-dans-un-guet-apens\/\",\"name\":\"8 ans de prison pour les agresseurs homophobes dans un guet-apens - Drapeau Lesbienne\",\"isPartOf\":{\"@id\":\"https:\/\/drapeaux-lesbienne.fr\/#website\"},\"datePublished\":\"2025-12-09T14:52:11+00:00\",\"breadcrumb\":{\"@id\":\"https:\/\/drapeaux-lesbienne.fr\/8-ans-de-prison-pour-les-agresseurs-homophobes-dans-un-guet-apens\/#breadcrumb\"},\"inLanguage\":\"it-IT\",\"potentialAction\":[{\"@type\":\"ReadAction\",\"target\":[\"https:\/\/drapeaux-lesbienne.fr\/8-ans-de-prison-pour-les-agresseurs-homophobes-dans-un-guet-apens\/\"]}]},{\"@type\":\"BreadcrumbList\",\"@id\":\"https:\/\/drapeaux-lesbienne.fr\/8-ans-de-prison-pour-les-agresseurs-homophobes-dans-un-guet-apens\/#breadcrumb\",\"itemListElement\":[{\"@type\":\"ListItem\",\"position\":1,\"name\":\"Accueil\",\"item\":\"https:\/\/drapeaux-lesbienne.fr\/\"},{\"@type\":\"ListItem\",\"position\":2,\"name\":\"8 ans de prison pour les agresseurs homophobes dans un guet-apens\"}]},{\"@type\":\"WebSite\",\"@id\":\"https:\/\/drapeaux-lesbienne.fr\/#website\",\"url\":\"https:\/\/drapeaux-lesbienne.fr\/\",\"name\":\"Drapeaux Lesbienne\",\"description\":\"D\u00e9couvrir les Drapeaux Lesbienne\",\"publisher\":{\"@id\":\"https:\/\/drapeaux-lesbienne.fr\/#organization\"},\"potentialAction\":[{\"@type\":\"SearchAction\",\"target\":{\"@type\":\"EntryPoint\",\"urlTemplate\":\"https:\/\/drapeaux-lesbienne.fr\/?s={search_term_string}\"},\"query-input\":{\"@type\":\"PropertyValueSpecification\",\"valueRequired\":true,\"valueName\":\"search_term_string\"}}],\"inLanguage\":\"it-IT\"},{\"@type\":\"Organization\",\"@id\":\"https:\/\/drapeaux-lesbienne.fr\/#organization\",\"name\":\"Drapeaux Lesbienne\",\"url\":\"https:\/\/drapeaux-lesbienne.fr\/\",\"logo\":{\"@type\":\"ImageObject\",\"inLanguage\":\"it-IT\",\"@id\":\"https:\/\/drapeaux-lesbienne.fr\/#\/schema\/logo\/image\/\",\"url\":\"https:\/\/i0.wp.com\/drapeaux-lesbienne.fr\/wp-content\/uploads\/2024\/06\/drapeaux-lesbienne-icon.jpg?fit=512%2C512&ssl=1\",\"contentUrl\":\"https:\/\/i0.wp.com\/drapeaux-lesbienne.fr\/wp-content\/uploads\/2024\/06\/drapeaux-lesbienne-icon.jpg?fit=512%2C512&ssl=1\",\"width\":512,\"height\":512,\"caption\":\"Drapeaux Lesbienne\"},\"image\":{\"@id\":\"https:\/\/drapeaux-lesbienne.fr\/#\/schema\/logo\/image\/\"}},{\"@type\":\"Person\",\"@id\":\"https:\/\/drapeaux-lesbienne.fr\/#\/schema\/person\/a8b5bccdc811cdee38d3b61eb337fd14\",\"name\":\"Maria458\",\"image\":{\"@type\":\"ImageObject\",\"inLanguage\":\"it-IT\",\"@id\":\"https:\/\/drapeaux-lesbienne.fr\/#\/schema\/person\/image\/\",\"url\":\"https:\/\/secure.gravatar.com\/avatar\/54e292c37e3a26a39ec0374211533335aae507576f52a51493c07cbe6b1dcdf4?s=96&d=mm&r=g\",\"contentUrl\":\"https:\/\/secure.gravatar.com\/avatar\/54e292c37e3a26a39ec0374211533335aae507576f52a51493c07cbe6b1dcdf4?s=96&d=mm&r=g\",\"caption\":\"Maria458\"},\"sameAs\":[\"http:\/\/drapeaux-lesbienne.fr\",\"https:\/\/www.pinterest.fr\/drapeaulesbienne\/\",\"https:\/\/x.com\/drapeaulesbien\",\"https:\/\/www.tumblr.com\/blog\/drapeau-lesbienne\"]}]}<\/script>\n<!-- \/ Yoast SEO plugin. -->","yoast_head_json":{"title":"8 ans de prison pour les agresseurs homophobes dans un guet-apens - Drapeau Lesbienne","robots":{"index":"index","follow":"follow","max-snippet":"max-snippet:-1","max-image-preview":"max-image-preview:large","max-video-preview":"max-video-preview:-1"},"canonical":"https:\/\/drapeaux-lesbienne.fr\/it\/8-ans-de-prison-pour-les-agresseurs-homophobes-dans-un-guet-apens\/","og_locale":"it_IT","og_type":"article","og_title":"8 ans de prison pour les agresseurs homophobes dans un guet-apens - Drapeau Lesbienne","og_description":"Un pi\u00e8ge tendu \u00e0 des hommes gays : huit ans de prison pour Ilies B. Ilies B., \u00e2g\u00e9 de 28 ans, a \u00e9t\u00e9 jug\u00e9 coupable d&rsquo;avoir attir\u00e9 et agress\u00e9 quatre hommes homosexuels en d\u00e9cembre 2022, via des sites de rencontre, dans les sous-sols de l&rsquo;immeuble de sa m\u00e8re. La Cour d&rsquo;assises d&rsquo;appel de l&rsquo;Essonne l&rsquo;a&hellip;&nbsp;8 ans de prison pour les agresseurs homophobes dans un guet-apens","og_url":"https:\/\/drapeaux-lesbienne.fr\/it\/8-ans-de-prison-pour-les-agresseurs-homophobes-dans-un-guet-apens\/","og_site_name":"Drapeau Lesbienne","article_published_time":"2025-12-09T14:52:11+00:00","author":"Maria458","twitter_card":"summary_large_image","twitter_creator":"@drapeaulesbien","twitter_misc":{"Scritto da":"Maria458","Tempo di lettura stimato":"3 minuti"},"schema":{"@context":"https:\/\/schema.org","@graph":[{"@type":"Article","@id":"https:\/\/drapeaux-lesbienne.fr\/8-ans-de-prison-pour-les-agresseurs-homophobes-dans-un-guet-apens\/#article","isPartOf":{"@id":"https:\/\/drapeaux-lesbienne.fr\/8-ans-de-prison-pour-les-agresseurs-homophobes-dans-un-guet-apens\/"},"author":{"name":"Maria458","@id":"https:\/\/drapeaux-lesbienne.fr\/#\/schema\/person\/a8b5bccdc811cdee38d3b61eb337fd14"},"headline":"8 ans de prison pour les agresseurs homophobes dans un guet-apens","datePublished":"2025-12-09T14:52:11+00:00","mainEntityOfPage":{"@id":"https:\/\/drapeaux-lesbienne.fr\/8-ans-de-prison-pour-les-agresseurs-homophobes-dans-un-guet-apens\/"},"wordCount":700,"commentCount":0,"publisher":{"@id":"https:\/\/drapeaux-lesbienne.fr\/#organization"},"articleSection":["Actualit\u00e9s News LGBT"],"inLanguage":"it-IT","potentialAction":[{"@type":"CommentAction","name":"Comment","target":["https:\/\/drapeaux-lesbienne.fr\/8-ans-de-prison-pour-les-agresseurs-homophobes-dans-un-guet-apens\/#respond"]}]},{"@type":"WebPage","@id":"https:\/\/drapeaux-lesbienne.fr\/8-ans-de-prison-pour-les-agresseurs-homophobes-dans-un-guet-apens\/","url":"https:\/\/drapeaux-lesbienne.fr\/8-ans-de-prison-pour-les-agresseurs-homophobes-dans-un-guet-apens\/","name":"8 ans de prison pour les agresseurs homophobes dans un guet-apens - Drapeau Lesbienne","isPartOf":{"@id":"https:\/\/drapeaux-lesbienne.fr\/#website"},"datePublished":"2025-12-09T14:52:11+00:00","breadcrumb":{"@id":"https:\/\/drapeaux-lesbienne.fr\/8-ans-de-prison-pour-les-agresseurs-homophobes-dans-un-guet-apens\/#breadcrumb"},"inLanguage":"it-IT","potentialAction":[{"@type":"ReadAction","target":["https:\/\/drapeaux-lesbienne.fr\/8-ans-de-prison-pour-les-agresseurs-homophobes-dans-un-guet-apens\/"]}]},{"@type":"BreadcrumbList","@id":"https:\/\/drapeaux-lesbienne.fr\/8-ans-de-prison-pour-les-agresseurs-homophobes-dans-un-guet-apens\/#breadcrumb","itemListElement":[{"@type":"ListItem","position":1,"name":"Accueil","item":"https:\/\/drapeaux-lesbienne.fr\/"},{"@type":"ListItem","position":2,"name":"8 ans de prison pour les agresseurs homophobes dans un guet-apens"}]},{"@type":"WebSite","@id":"https:\/\/drapeaux-lesbienne.fr\/#website","url":"https:\/\/drapeaux-lesbienne.fr\/","name":"Bandiere Lesbiche","description":"D\u00e9couvrir les Drapeaux Lesbienne","publisher":{"@id":"https:\/\/drapeaux-lesbienne.fr\/#organization"},"potentialAction":[{"@type":"SearchAction","target":{"@type":"EntryPoint","urlTemplate":"https:\/\/drapeaux-lesbienne.fr\/?s={search_term_string}"},"query-input":{"@type":"PropertyValueSpecification","valueRequired":true,"valueName":"search_term_string"}}],"inLanguage":"it-IT"},{"@type":"Organization","@id":"https:\/\/drapeaux-lesbienne.fr\/#organization","name":"Bandiere Lesbiche","url":"https:\/\/drapeaux-lesbienne.fr\/","logo":{"@type":"ImageObject","inLanguage":"it-IT","@id":"https:\/\/drapeaux-lesbienne.fr\/#\/schema\/logo\/image\/","url":"https:\/\/i0.wp.com\/drapeaux-lesbienne.fr\/wp-content\/uploads\/2024\/06\/drapeaux-lesbienne-icon.jpg?fit=512%2C512&ssl=1","contentUrl":"https:\/\/i0.wp.com\/drapeaux-lesbienne.fr\/wp-content\/uploads\/2024\/06\/drapeaux-lesbienne-icon.jpg?fit=512%2C512&ssl=1","width":512,"height":512,"caption":"Drapeaux Lesbienne"},"image":{"@id":"https:\/\/drapeaux-lesbienne.fr\/#\/schema\/logo\/image\/"}},{"@type":"Person","@id":"https:\/\/drapeaux-lesbienne.fr\/#\/schema\/person\/a8b5bccdc811cdee38d3b61eb337fd14","name":"Maria458","image":{"@type":"ImageObject","inLanguage":"it-IT","@id":"https:\/\/drapeaux-lesbienne.fr\/#\/schema\/person\/image\/","url":"https:\/\/secure.gravatar.com\/avatar\/54e292c37e3a26a39ec0374211533335aae507576f52a51493c07cbe6b1dcdf4?s=96&d=mm&r=g","contentUrl":"https:\/\/secure.gravatar.com\/avatar\/54e292c37e3a26a39ec0374211533335aae507576f52a51493c07cbe6b1dcdf4?s=96&d=mm&r=g","caption":"Maria458"},"sameAs":["http:\/\/drapeaux-lesbienne.fr","https:\/\/www.pinterest.fr\/drapeaulesbienne\/","https:\/\/x.com\/drapeaulesbien","https:\/\/www.tumblr.com\/blog\/drapeau-lesbienne"]}]}},"jetpack_featured_media_url":"","jetpack_sharing_enabled":true,"_links":{"self":[{"href":"https:\/\/drapeaux-lesbienne.fr\/it\/wp-json\/wp\/v2\/posts\/4203","targetHints":{"allow":["GET"]}}],"collection":[{"href":"https:\/\/drapeaux-lesbienne.fr\/it\/wp-json\/wp\/v2\/posts"}],"about":[{"href":"https:\/\/drapeaux-lesbienne.fr\/it\/wp-json\/wp\/v2\/types\/post"}],"author":[{"embeddable":true,"href":"https:\/\/drapeaux-lesbienne.fr\/it\/wp-json\/wp\/v2\/users\/1"}],"replies":[{"embeddable":true,"href":"https:\/\/drapeaux-lesbienne.fr\/it\/wp-json\/wp\/v2\/comments?post=4203"}],"version-history":[{"count":0,"href":"https:\/\/drapeaux-lesbienne.fr\/it\/wp-json\/wp\/v2\/posts\/4203\/revisions"}],"wp:attachment":[{"href":"https:\/\/drapeaux-lesbienne.fr\/it\/wp-json\/wp\/v2\/media?parent=4203"}],"wp:term":[{"taxonomy":"category","embeddable":true,"href":"https:\/\/drapeaux-lesbienne.fr\/it\/wp-json\/wp\/v2\/categories?post=4203"},{"taxonomy":"post_tag","embeddable":true,"href":"https:\/\/drapeaux-lesbienne.fr\/it\/wp-json\/wp\/v2\/tags?post=4203"}],"curies":[{"name":"wp","href":"https:\/\/api.w.org\/{rel}","templated":true}]}}