{"id":4247,"date":"2025-12-12T04:31:59","date_gmt":"2025-12-12T03:31:59","guid":{"rendered":"https:\/\/drapeaux-lesbienne.fr\/municipales-2026-vers-des-mairies-inclusives-et-sans-transphobie\/"},"modified":"2025-12-12T04:31:59","modified_gmt":"2025-12-12T03:31:59","slug":"municipales-2026-vers-des-mairies-inclusives-et-sans-transphobie","status":"publish","type":"post","link":"https:\/\/drapeaux-lesbienne.fr\/it\/municipales-2026-vers-des-mairies-inclusives-et-sans-transphobie\/","title":{"rendered":"Municipales 2026 : Vers des mairies inclusives et sans transphobie"},"content":{"rendered":"<p>\u00ab\u00a0`html<\/p>\n<h2>Municipales 2026 sans transphobie<\/h2>\n<p>Des engagements pour les droits des personnes trans et queer<\/p>\n<h2>Le r\u00f4le d\u00e9terminant des mairies dans l\u2019\u00e9volution des droits<\/h2>\n<p>Bien que les maires ne cr\u00e9ent pas les lois, leur r\u00f4le est crucial pour leur mise en \u0153uvre et leur adaptation \u00e0 l\u2019\u00e9chelle locale. L\u2019histoire a prouv\u00e9 leur capacit\u00e9 \u00e0 participer \u00e0 des avanc\u00e9es majeures, comme lors des premiers PACS et du mariage pour tous \u00e0 B\u00e8gles en 2004. Ces d\u00e9marches pr\u00e9curseuses ont souvent ouvert la voie \u00e0 des changements l\u00e9gislatifs nationaux. Les signataires du manifeste estiment que les mairies peuvent de nouveau jouer un r\u00f4le fondamental pour am\u00e9liorer les droits des personnes trans et intersexes.<\/p>\n<h2>Mettre fin \u00e0 la transphobie institutionnelle dans les services municipaux<\/h2>\n<p>Le manifeste souligne la persistance de l\u2019hostilit\u00e9 administrative envers les personnes trans et intersexes. Malgr\u00e9 la loi de 2016 qui simplifie le changement de pr\u00e9nom et de genre, il reste encore des am\u00e9liorations \u00e0 apporter. Les candidat\u00b7es demandent une proc\u00e9dure plus ais\u00e9e, fond\u00e9e sur l\u2019autod\u00e9termination, m\u00eame pour les jeunes selon leur maturit\u00e9, et \u00e9galement pour les personnes en d\u00e9tention ou en situation pr\u00e9caire.<\/p>\n<p>Ils s&rsquo;engagent \u00e0 aligner ces d\u00e9marches sur les normes europ\u00e9ennes, comme le RGPD, les arr\u00eats de la CJUE, et les recommandations du Conseil de l\u2019Europe. Le terme \u00ab rectification de la mention du genre \u00bb, utilis\u00e9 par la CJUE, sera privil\u00e9gi\u00e9 pour assurer une clart\u00e9 et un droit respect\u00e9 dans ces d\u00e9marches.<\/p>\n<h2>Garantir un service public \u00e9galitaire pour toutes les familles<\/h2>\n<p>Les parents trans ne doivent plus subir de difficult\u00e9s pour faire valoir leur statut officiel. Les candidat\u00b7es appellent \u00e0 une \u00e9galit\u00e9 de traitement pour toutes les familles, qu&rsquo;elles soient homoparentales ou transparentales, gr\u00e2ce \u00e0 des proc\u00e9dures simplifi\u00e9es, notamment en ce qui concerne la reconnaissance de la filiation \u00e0 l\u2019international ou les cas de PMA effectu\u00e9s \u00e0 l\u2019\u00e9tranger.<\/p>\n<p>En ce qui concerne les enfants intersexes, ils condamnent les interventions m\u00e9dicales inutiles encore pratiqu\u00e9es. Les municipalit\u00e9s adopteront des formulaires plus inclusifs, reconna\u00eetra des genres alternatifs et sensibiliseront les familles \u00e0 la possibilit\u00e9 de diff\u00e9rer la mention du sexe \u00e0 la naissance, en s\u2019inspirant des meilleures pratiques mondiales.<\/p>\n<h2>Pour une \u00e9galit\u00e9 concr\u00e8te dans chaque mairie<\/h2>\n<p>Les candidat\u00b7es visent \u00e0 harmoniser les pratiques administratives locales aux recommandations les plus progressistes en termes de respect des identit\u00e9s et des orientations sexuelles. Ils comptent mettre en place des plans d\u2019action dans les services municipaux pour lutter contre les discriminations dans le recrutement, les conditions de travail et l\u2019accueil du public.<\/p>\n<p>Ils r\u00e9it\u00e8rent leur appui aux associations LGBTQIA+ et promettent de garantir leurs projets essentiels sur le terrain. Ils estiment que les mairies sont les lieux privil\u00e9gi\u00e9s pour construire une \u00e9galit\u00e9 tangible et visible pour chacun, faisant de 2026 une nouvelle \u00e9tape dans la lutte contre toutes les formes de discrimination.<\/p>\n<h2>Liste des premiers signataires<\/h2>\n<p>Voici quelques \u00e9lu\u00b7es et candidat\u00b7es de sensibilit\u00e9s politiques diverses qui ont sign\u00e9 le manifeste :<\/p>\n<ul>\n<li>Emmanuel Gr\u00e9goire (PS, Paris)<\/li>\n<li>David Belliard (\u00c9cologiste, Paris)<\/li>\n<li>Ian Brossat (PCF, Paris)<\/li>\n<li>Gr\u00e9gory Doucet (\u00c9cologiste, Lyon)<\/li>\n<li>Fran\u00e7ois Piquemal (LFI, Toulouse)<\/li>\n<li>Ronan Loas (Horizons, Ploemeur)<\/li>\n<li>Micha\u00ebl Delafosse (PS, Montpellier)<\/li>\n<li>Juliette Chesnel Le Roux (\u00c9cologiste &#8211; PS &#8211; PC, Nice)<\/li>\n<li>Nathalie App\u00e9r\u00e9 (PS, Rennes)<\/li>\n<li>Nad\u00e8ge Azzaz (PS, Ch\u00e2tillon)<\/li>\n<li>Mathieu Hanotin (PS, Saint-Denis)<\/li>\n<li>Johanna Rolland (PS, Nantes)<\/li>\n<li>L\u00e9onore Moncond&rsquo;huy (\u00c9cologiste, Poitiers)<\/li>\n<li>R\u00e9gis Godec (\u00c9cologiste, Toulouse)<\/li>\n<li>St\u00e9phane Baly (\u00c9cologiste, Lille)<\/li>\n<li>Katy Vuylsteker (\u00c9cologiste, Tourcoing)<\/li>\n<li>Claire Zytka-Taranto (\u00c9cologiste, Lomme)<\/li>\n<li>Simon Jamelin (\u00c9cologiste, Hellemmes)<\/li>\n<li>Pierre-Yves Bournazel (Horizons, Paris)<\/li>\n<li>Pierre Jakubowicz (Horizons, Strasbourg)<\/li>\n<\/ul>\n<h2>Les Derni\u00e8res Actualit\u00e9s<\/h2>\n<p>\u00ab\u00a0`<\/p>","protected":false},"excerpt":{"rendered":"<p>\u00ab\u00a0`html Municipales 2026 sans transphobie Des engagements pour les droits des personnes trans et queer Le r\u00f4le d\u00e9terminant des mairies dans l\u2019\u00e9volution des droits Bien que les maires ne cr\u00e9ent pas les lois, leur r\u00f4le est crucial pour leur mise en \u0153uvre et leur adaptation \u00e0 l\u2019\u00e9chelle locale. L\u2019histoire a prouv\u00e9 leur capacit\u00e9 \u00e0 participer&hellip;&nbsp;<a href=\"https:\/\/drapeaux-lesbienne.fr\/it\/municipales-2026-vers-des-mairies-inclusives-et-sans-transphobie\/\" rel=\"bookmark\"><span class=\"screen-reader-text\">Municipales 2026 : Vers des mairies inclusives et sans transphobie<\/span><\/a><\/p>","protected":false},"author":1,"featured_media":4248,"comment_status":"open","ping_status":"open","sticky":false,"template":"","format":"standard","meta":{"neve_meta_sidebar":"","neve_meta_container":"","neve_meta_enable_content_width":"","neve_meta_content_width":0,"neve_meta_title_alignment":"","neve_meta_author_avatar":"","neve_post_elements_order":"","neve_meta_disable_header":"","neve_meta_disable_footer":"","neve_meta_disable_title":"","_jetpack_memberships_contains_paid_content":false,"footnotes":""},"categories":[40],"tags":[],"class_list":["post-4247","post","type-post","status-publish","format-standard","has-post-thumbnail","hentry","category-actualites-news-lgbt"],"yoast_head":"<!-- This site is optimized with the Yoast SEO plugin v26.8 - https:\/\/yoast.com\/product\/yoast-seo-wordpress\/ -->\n<title>Municipales 2026 : Vers des mairies inclusives et sans transphobie - Drapeau Lesbienne<\/title>\n<meta name=\"robots\" content=\"index, follow, max-snippet:-1, max-image-preview:large, max-video-preview:-1\" \/>\n<link rel=\"canonical\" href=\"https:\/\/drapeaux-lesbienne.fr\/it\/municipales-2026-vers-des-mairies-inclusives-et-sans-transphobie\/\" \/>\n<meta property=\"og:locale\" content=\"it_IT\" \/>\n<meta property=\"og:type\" content=\"article\" \/>\n<meta property=\"og:title\" content=\"Municipales 2026 : Vers des mairies inclusives et sans transphobie - Drapeau Lesbienne\" \/>\n<meta property=\"og:description\" content=\"\u00ab\u00a0`html Municipales 2026 sans transphobie Des engagements pour les droits des personnes trans et queer Le r\u00f4le d\u00e9terminant des mairies dans l\u2019\u00e9volution des droits Bien que les maires ne cr\u00e9ent pas les lois, leur r\u00f4le est crucial pour leur mise en \u0153uvre et leur adaptation \u00e0 l\u2019\u00e9chelle locale. L\u2019histoire a prouv\u00e9 leur capacit\u00e9 \u00e0 participer&hellip;&nbsp;Municipales 2026 : Vers des mairies inclusives et sans transphobie\" \/>\n<meta property=\"og:url\" content=\"https:\/\/drapeaux-lesbienne.fr\/it\/municipales-2026-vers-des-mairies-inclusives-et-sans-transphobie\/\" \/>\n<meta property=\"og:site_name\" content=\"Drapeau Lesbienne\" \/>\n<meta property=\"article:published_time\" content=\"2025-12-12T03:31:59+00:00\" \/>\n<meta property=\"og:image\" content=\"https:\/\/i0.wp.com\/drapeaux-lesbienne.fr\/wp-content\/uploads\/2025\/12\/693b8cbe8e5a7.png?fit=1024%2C1024&ssl=1\" \/>\n\t<meta property=\"og:image:width\" content=\"1024\" \/>\n\t<meta property=\"og:image:height\" content=\"1024\" \/>\n\t<meta property=\"og:image:type\" content=\"image\/png\" \/>\n<meta name=\"author\" content=\"Maria458\" \/>\n<meta name=\"twitter:card\" content=\"summary_large_image\" \/>\n<meta name=\"twitter:creator\" content=\"@drapeaulesbien\" \/>\n<meta name=\"twitter:label1\" content=\"Scritto da\" \/>\n\t<meta name=\"twitter:data1\" content=\"Maria458\" \/>\n\t<meta name=\"twitter:label2\" content=\"Tempo di lettura stimato\" \/>\n\t<meta name=\"twitter:data2\" content=\"3 minuti\" \/>\n<script type=\"application\/ld+json\" class=\"yoast-schema-graph\">{\"@context\":\"https:\/\/schema.org\",\"@graph\":[{\"@type\":\"Article\",\"@id\":\"https:\/\/drapeaux-lesbienne.fr\/municipales-2026-vers-des-mairies-inclusives-et-sans-transphobie\/#article\",\"isPartOf\":{\"@id\":\"https:\/\/drapeaux-lesbienne.fr\/municipales-2026-vers-des-mairies-inclusives-et-sans-transphobie\/\"},\"author\":{\"name\":\"Maria458\",\"@id\":\"https:\/\/drapeaux-lesbienne.fr\/#\/schema\/person\/a8b5bccdc811cdee38d3b61eb337fd14\"},\"headline\":\"Municipales 2026 : Vers des mairies inclusives et sans transphobie\",\"datePublished\":\"2025-12-12T03:31:59+00:00\",\"mainEntityOfPage\":{\"@id\":\"https:\/\/drapeaux-lesbienne.fr\/municipales-2026-vers-des-mairies-inclusives-et-sans-transphobie\/\"},\"wordCount\":622,\"commentCount\":0,\"publisher\":{\"@id\":\"https:\/\/drapeaux-lesbienne.fr\/#organization\"},\"image\":{\"@id\":\"https:\/\/drapeaux-lesbienne.fr\/municipales-2026-vers-des-mairies-inclusives-et-sans-transphobie\/#primaryimage\"},\"thumbnailUrl\":\"https:\/\/i0.wp.com\/drapeaux-lesbienne.fr\/wp-content\/uploads\/2025\/12\/693b8cbe8e5a7.png?fit=1024%2C1024&ssl=1\",\"articleSection\":[\"Actualit\u00e9s News LGBT\"],\"inLanguage\":\"it-IT\",\"potentialAction\":[{\"@type\":\"CommentAction\",\"name\":\"Comment\",\"target\":[\"https:\/\/drapeaux-lesbienne.fr\/municipales-2026-vers-des-mairies-inclusives-et-sans-transphobie\/#respond\"]}]},{\"@type\":\"WebPage\",\"@id\":\"https:\/\/drapeaux-lesbienne.fr\/municipales-2026-vers-des-mairies-inclusives-et-sans-transphobie\/\",\"url\":\"https:\/\/drapeaux-lesbienne.fr\/municipales-2026-vers-des-mairies-inclusives-et-sans-transphobie\/\",\"name\":\"Municipales 2026 : Vers des mairies inclusives et sans transphobie - Drapeau Lesbienne\",\"isPartOf\":{\"@id\":\"https:\/\/drapeaux-lesbienne.fr\/#website\"},\"primaryImageOfPage\":{\"@id\":\"https:\/\/drapeaux-lesbienne.fr\/municipales-2026-vers-des-mairies-inclusives-et-sans-transphobie\/#primaryimage\"},\"image\":{\"@id\":\"https:\/\/drapeaux-lesbienne.fr\/municipales-2026-vers-des-mairies-inclusives-et-sans-transphobie\/#primaryimage\"},\"thumbnailUrl\":\"https:\/\/i0.wp.com\/drapeaux-lesbienne.fr\/wp-content\/uploads\/2025\/12\/693b8cbe8e5a7.png?fit=1024%2C1024&ssl=1\",\"datePublished\":\"2025-12-12T03:31:59+00:00\",\"breadcrumb\":{\"@id\":\"https:\/\/drapeaux-lesbienne.fr\/municipales-2026-vers-des-mairies-inclusives-et-sans-transphobie\/#breadcrumb\"},\"inLanguage\":\"it-IT\",\"potentialAction\":[{\"@type\":\"ReadAction\",\"target\":[\"https:\/\/drapeaux-lesbienne.fr\/municipales-2026-vers-des-mairies-inclusives-et-sans-transphobie\/\"]}]},{\"@type\":\"ImageObject\",\"inLanguage\":\"it-IT\",\"@id\":\"https:\/\/drapeaux-lesbienne.fr\/municipales-2026-vers-des-mairies-inclusives-et-sans-transphobie\/#primaryimage\",\"url\":\"https:\/\/i0.wp.com\/drapeaux-lesbienne.fr\/wp-content\/uploads\/2025\/12\/693b8cbe8e5a7.png?fit=1024%2C1024&ssl=1\",\"contentUrl\":\"https:\/\/i0.wp.com\/drapeaux-lesbienne.fr\/wp-content\/uploads\/2025\/12\/693b8cbe8e5a7.png?fit=1024%2C1024&ssl=1\",\"width\":1024,\"height\":1024,\"caption\":\"Municipales 2026 : Vers des mairies inclusives et sans transphobie\"},{\"@type\":\"BreadcrumbList\",\"@id\":\"https:\/\/drapeaux-lesbienne.fr\/municipales-2026-vers-des-mairies-inclusives-et-sans-transphobie\/#breadcrumb\",\"itemListElement\":[{\"@type\":\"ListItem\",\"position\":1,\"name\":\"Accueil\",\"item\":\"https:\/\/drapeaux-lesbienne.fr\/\"},{\"@type\":\"ListItem\",\"position\":2,\"name\":\"Municipales 2026 : Vers des mairies inclusives et sans transphobie\"}]},{\"@type\":\"WebSite\",\"@id\":\"https:\/\/drapeaux-lesbienne.fr\/#website\",\"url\":\"https:\/\/drapeaux-lesbienne.fr\/\",\"name\":\"Drapeaux Lesbienne\",\"description\":\"D\u00e9couvrir les Drapeaux Lesbienne\",\"publisher\":{\"@id\":\"https:\/\/drapeaux-lesbienne.fr\/#organization\"},\"potentialAction\":[{\"@type\":\"SearchAction\",\"target\":{\"@type\":\"EntryPoint\",\"urlTemplate\":\"https:\/\/drapeaux-lesbienne.fr\/?s={search_term_string}\"},\"query-input\":{\"@type\":\"PropertyValueSpecification\",\"valueRequired\":true,\"valueName\":\"search_term_string\"}}],\"inLanguage\":\"it-IT\"},{\"@type\":\"Organization\",\"@id\":\"https:\/\/drapeaux-lesbienne.fr\/#organization\",\"name\":\"Drapeaux Lesbienne\",\"url\":\"https:\/\/drapeaux-lesbienne.fr\/\",\"logo\":{\"@type\":\"ImageObject\",\"inLanguage\":\"it-IT\",\"@id\":\"https:\/\/drapeaux-lesbienne.fr\/#\/schema\/logo\/image\/\",\"url\":\"https:\/\/i0.wp.com\/drapeaux-lesbienne.fr\/wp-content\/uploads\/2024\/06\/drapeaux-lesbienne-icon.jpg?fit=512%2C512&ssl=1\",\"contentUrl\":\"https:\/\/i0.wp.com\/drapeaux-lesbienne.fr\/wp-content\/uploads\/2024\/06\/drapeaux-lesbienne-icon.jpg?fit=512%2C512&ssl=1\",\"width\":512,\"height\":512,\"caption\":\"Drapeaux Lesbienne\"},\"image\":{\"@id\":\"https:\/\/drapeaux-lesbienne.fr\/#\/schema\/logo\/image\/\"}},{\"@type\":\"Person\",\"@id\":\"https:\/\/drapeaux-lesbienne.fr\/#\/schema\/person\/a8b5bccdc811cdee38d3b61eb337fd14\",\"name\":\"Maria458\",\"image\":{\"@type\":\"ImageObject\",\"inLanguage\":\"it-IT\",\"@id\":\"https:\/\/drapeaux-lesbienne.fr\/#\/schema\/person\/image\/\",\"url\":\"https:\/\/secure.gravatar.com\/avatar\/54e292c37e3a26a39ec0374211533335aae507576f52a51493c07cbe6b1dcdf4?s=96&d=mm&r=g\",\"contentUrl\":\"https:\/\/secure.gravatar.com\/avatar\/54e292c37e3a26a39ec0374211533335aae507576f52a51493c07cbe6b1dcdf4?s=96&d=mm&r=g\",\"caption\":\"Maria458\"},\"sameAs\":[\"http:\/\/drapeaux-lesbienne.fr\",\"https:\/\/www.pinterest.fr\/drapeaulesbienne\/\",\"https:\/\/x.com\/drapeaulesbien\",\"https:\/\/www.tumblr.com\/blog\/drapeau-lesbienne\"]}]}<\/script>\n<!-- \/ Yoast SEO plugin. -->","yoast_head_json":{"title":"Municipales 2026 : Vers des mairies inclusives et sans transphobie - Drapeau Lesbienne","robots":{"index":"index","follow":"follow","max-snippet":"max-snippet:-1","max-image-preview":"max-image-preview:large","max-video-preview":"max-video-preview:-1"},"canonical":"https:\/\/drapeaux-lesbienne.fr\/it\/municipales-2026-vers-des-mairies-inclusives-et-sans-transphobie\/","og_locale":"it_IT","og_type":"article","og_title":"Municipales 2026 : Vers des mairies inclusives et sans transphobie - Drapeau Lesbienne","og_description":"\u00ab\u00a0`html Municipales 2026 sans transphobie Des engagements pour les droits des personnes trans et queer Le r\u00f4le d\u00e9terminant des mairies dans l\u2019\u00e9volution des droits Bien que les maires ne cr\u00e9ent pas les lois, leur r\u00f4le est crucial pour leur mise en \u0153uvre et leur adaptation \u00e0 l\u2019\u00e9chelle locale. L\u2019histoire a prouv\u00e9 leur capacit\u00e9 \u00e0 participer&hellip;&nbsp;Municipales 2026 : Vers des mairies inclusives et sans transphobie","og_url":"https:\/\/drapeaux-lesbienne.fr\/it\/municipales-2026-vers-des-mairies-inclusives-et-sans-transphobie\/","og_site_name":"Drapeau Lesbienne","article_published_time":"2025-12-12T03:31:59+00:00","og_image":[{"width":1024,"height":1024,"url":"https:\/\/i0.wp.com\/drapeaux-lesbienne.fr\/wp-content\/uploads\/2025\/12\/693b8cbe8e5a7.png?fit=1024%2C1024&ssl=1","type":"image\/png"}],"author":"Maria458","twitter_card":"summary_large_image","twitter_creator":"@drapeaulesbien","twitter_misc":{"Scritto da":"Maria458","Tempo di lettura stimato":"3 minuti"},"schema":{"@context":"https:\/\/schema.org","@graph":[{"@type":"Article","@id":"https:\/\/drapeaux-lesbienne.fr\/municipales-2026-vers-des-mairies-inclusives-et-sans-transphobie\/#article","isPartOf":{"@id":"https:\/\/drapeaux-lesbienne.fr\/municipales-2026-vers-des-mairies-inclusives-et-sans-transphobie\/"},"author":{"name":"Maria458","@id":"https:\/\/drapeaux-lesbienne.fr\/#\/schema\/person\/a8b5bccdc811cdee38d3b61eb337fd14"},"headline":"Municipales 2026 : Vers des mairies inclusives et sans transphobie","datePublished":"2025-12-12T03:31:59+00:00","mainEntityOfPage":{"@id":"https:\/\/drapeaux-lesbienne.fr\/municipales-2026-vers-des-mairies-inclusives-et-sans-transphobie\/"},"wordCount":622,"commentCount":0,"publisher":{"@id":"https:\/\/drapeaux-lesbienne.fr\/#organization"},"image":{"@id":"https:\/\/drapeaux-lesbienne.fr\/municipales-2026-vers-des-mairies-inclusives-et-sans-transphobie\/#primaryimage"},"thumbnailUrl":"https:\/\/i0.wp.com\/drapeaux-lesbienne.fr\/wp-content\/uploads\/2025\/12\/693b8cbe8e5a7.png?fit=1024%2C1024&ssl=1","articleSection":["Actualit\u00e9s News LGBT"],"inLanguage":"it-IT","potentialAction":[{"@type":"CommentAction","name":"Comment","target":["https:\/\/drapeaux-lesbienne.fr\/municipales-2026-vers-des-mairies-inclusives-et-sans-transphobie\/#respond"]}]},{"@type":"WebPage","@id":"https:\/\/drapeaux-lesbienne.fr\/municipales-2026-vers-des-mairies-inclusives-et-sans-transphobie\/","url":"https:\/\/drapeaux-lesbienne.fr\/municipales-2026-vers-des-mairies-inclusives-et-sans-transphobie\/","name":"Municipales 2026 : Vers des mairies inclusives et sans transphobie - Drapeau Lesbienne","isPartOf":{"@id":"https:\/\/drapeaux-lesbienne.fr\/#website"},"primaryImageOfPage":{"@id":"https:\/\/drapeaux-lesbienne.fr\/municipales-2026-vers-des-mairies-inclusives-et-sans-transphobie\/#primaryimage"},"image":{"@id":"https:\/\/drapeaux-lesbienne.fr\/municipales-2026-vers-des-mairies-inclusives-et-sans-transphobie\/#primaryimage"},"thumbnailUrl":"https:\/\/i0.wp.com\/drapeaux-lesbienne.fr\/wp-content\/uploads\/2025\/12\/693b8cbe8e5a7.png?fit=1024%2C1024&ssl=1","datePublished":"2025-12-12T03:31:59+00:00","breadcrumb":{"@id":"https:\/\/drapeaux-lesbienne.fr\/municipales-2026-vers-des-mairies-inclusives-et-sans-transphobie\/#breadcrumb"},"inLanguage":"it-IT","potentialAction":[{"@type":"ReadAction","target":["https:\/\/drapeaux-lesbienne.fr\/municipales-2026-vers-des-mairies-inclusives-et-sans-transphobie\/"]}]},{"@type":"ImageObject","inLanguage":"it-IT","@id":"https:\/\/drapeaux-lesbienne.fr\/municipales-2026-vers-des-mairies-inclusives-et-sans-transphobie\/#primaryimage","url":"https:\/\/i0.wp.com\/drapeaux-lesbienne.fr\/wp-content\/uploads\/2025\/12\/693b8cbe8e5a7.png?fit=1024%2C1024&ssl=1","contentUrl":"https:\/\/i0.wp.com\/drapeaux-lesbienne.fr\/wp-content\/uploads\/2025\/12\/693b8cbe8e5a7.png?fit=1024%2C1024&ssl=1","width":1024,"height":1024,"caption":"Municipales 2026 : Vers des mairies inclusives et sans transphobie"},{"@type":"BreadcrumbList","@id":"https:\/\/drapeaux-lesbienne.fr\/municipales-2026-vers-des-mairies-inclusives-et-sans-transphobie\/#breadcrumb","itemListElement":[{"@type":"ListItem","position":1,"name":"Accueil","item":"https:\/\/drapeaux-lesbienne.fr\/"},{"@type":"ListItem","position":2,"name":"Municipales 2026 : Vers des mairies inclusives et sans transphobie"}]},{"@type":"WebSite","@id":"https:\/\/drapeaux-lesbienne.fr\/#website","url":"https:\/\/drapeaux-lesbienne.fr\/","name":"Bandiere Lesbiche","description":"D\u00e9couvrir les Drapeaux Lesbienne","publisher":{"@id":"https:\/\/drapeaux-lesbienne.fr\/#organization"},"potentialAction":[{"@type":"SearchAction","target":{"@type":"EntryPoint","urlTemplate":"https:\/\/drapeaux-lesbienne.fr\/?s={search_term_string}"},"query-input":{"@type":"PropertyValueSpecification","valueRequired":true,"valueName":"search_term_string"}}],"inLanguage":"it-IT"},{"@type":"Organization","@id":"https:\/\/drapeaux-lesbienne.fr\/#organization","name":"Bandiere Lesbiche","url":"https:\/\/drapeaux-lesbienne.fr\/","logo":{"@type":"ImageObject","inLanguage":"it-IT","@id":"https:\/\/drapeaux-lesbienne.fr\/#\/schema\/logo\/image\/","url":"https:\/\/i0.wp.com\/drapeaux-lesbienne.fr\/wp-content\/uploads\/2024\/06\/drapeaux-lesbienne-icon.jpg?fit=512%2C512&ssl=1","contentUrl":"https:\/\/i0.wp.com\/drapeaux-lesbienne.fr\/wp-content\/uploads\/2024\/06\/drapeaux-lesbienne-icon.jpg?fit=512%2C512&ssl=1","width":512,"height":512,"caption":"Drapeaux Lesbienne"},"image":{"@id":"https:\/\/drapeaux-lesbienne.fr\/#\/schema\/logo\/image\/"}},{"@type":"Person","@id":"https:\/\/drapeaux-lesbienne.fr\/#\/schema\/person\/a8b5bccdc811cdee38d3b61eb337fd14","name":"Maria458","image":{"@type":"ImageObject","inLanguage":"it-IT","@id":"https:\/\/drapeaux-lesbienne.fr\/#\/schema\/person\/image\/","url":"https:\/\/secure.gravatar.com\/avatar\/54e292c37e3a26a39ec0374211533335aae507576f52a51493c07cbe6b1dcdf4?s=96&d=mm&r=g","contentUrl":"https:\/\/secure.gravatar.com\/avatar\/54e292c37e3a26a39ec0374211533335aae507576f52a51493c07cbe6b1dcdf4?s=96&d=mm&r=g","caption":"Maria458"},"sameAs":["http:\/\/drapeaux-lesbienne.fr","https:\/\/www.pinterest.fr\/drapeaulesbienne\/","https:\/\/x.com\/drapeaulesbien","https:\/\/www.tumblr.com\/blog\/drapeau-lesbienne"]}]}},"jetpack_featured_media_url":"https:\/\/i0.wp.com\/drapeaux-lesbienne.fr\/wp-content\/uploads\/2025\/12\/693b8cbe8e5a7.png?fit=1024%2C1024&ssl=1","jetpack_sharing_enabled":true,"_links":{"self":[{"href":"https:\/\/drapeaux-lesbienne.fr\/it\/wp-json\/wp\/v2\/posts\/4247","targetHints":{"allow":["GET"]}}],"collection":[{"href":"https:\/\/drapeaux-lesbienne.fr\/it\/wp-json\/wp\/v2\/posts"}],"about":[{"href":"https:\/\/drapeaux-lesbienne.fr\/it\/wp-json\/wp\/v2\/types\/post"}],"author":[{"embeddable":true,"href":"https:\/\/drapeaux-lesbienne.fr\/it\/wp-json\/wp\/v2\/users\/1"}],"replies":[{"embeddable":true,"href":"https:\/\/drapeaux-lesbienne.fr\/it\/wp-json\/wp\/v2\/comments?post=4247"}],"version-history":[{"count":0,"href":"https:\/\/drapeaux-lesbienne.fr\/it\/wp-json\/wp\/v2\/posts\/4247\/revisions"}],"wp:featuredmedia":[{"embeddable":true,"href":"https:\/\/drapeaux-lesbienne.fr\/it\/wp-json\/wp\/v2\/media\/4248"}],"wp:attachment":[{"href":"https:\/\/drapeaux-lesbienne.fr\/it\/wp-json\/wp\/v2\/media?parent=4247"}],"wp:term":[{"taxonomy":"category","embeddable":true,"href":"https:\/\/drapeaux-lesbienne.fr\/it\/wp-json\/wp\/v2\/categories?post=4247"},{"taxonomy":"post_tag","embeddable":true,"href":"https:\/\/drapeaux-lesbienne.fr\/it\/wp-json\/wp\/v2\/tags?post=4247"}],"curies":[{"name":"wp","href":"https:\/\/api.w.org\/{rel}","templated":true}]}}