{"id":4250,"date":"2025-12-12T12:07:01","date_gmt":"2025-12-12T11:07:01","guid":{"rendered":"https:\/\/drapeaux-lesbienne.fr\/portrait-dune-mere-lesbienne-face-a-linjustice-entre-revolte-intime-et-cliches-esthetiques\/"},"modified":"2025-12-22T14:54:58","modified_gmt":"2025-12-22T13:54:58","slug":"portrait-dune-mere-lesbienne-face-a-linjustice-entre-revolte-intime-et-cliches-esthetiques","status":"publish","type":"post","link":"https:\/\/drapeaux-lesbienne.fr\/it\/portrait-dune-mere-lesbienne-face-a-linjustice-entre-revolte-intime-et-cliches-esthetiques\/","title":{"rendered":"Portrait d&rsquo;une m\u00e8re lesbienne face \u00e0 l&rsquo;injustice : entre r\u00e9volte intime et clich\u00e9s esth\u00e9tiques"},"content":{"rendered":"<p>\u00ab\u00a0`html<\/p>\n<h2>Une figure lesbienne dans le cin\u00e9ma fran\u00e7ais contemporain<\/h2>\n<p>L&rsquo;adaptation du livre autobiographique de Constance Debr\u00e9 par Anna Cazenave Cambet se positionne dans une tendance r\u00e9cente du cin\u00e9ma fran\u00e7ais cherchant \u00e0 offrir une visibilit\u00e9 accrue aux personnages lesbiens. En 2025, plusieurs films majeurs ont mis en sc\u00e8ne des h\u00e9ro\u00efnes lesbiennes, cr\u00e9ant ainsi un \u00ab univers lesbien \u00bb comparable \u00e0 ceux des franchises de super-h\u00e9ros. Des actrices comme Park Ji-Min, aper\u00e7ue dans <em>Love Me Tender<\/em> et <em>La Petite Derni\u00e8re<\/em>, ou Monia Chokri de <em>Les Preuves d\u2019amour<\/em>, participent \u00e0 cet univers interconnect\u00e9, incarnant des r\u00f4les qui r\u00e9apparaissent ou s\u2019\u00e9loignent d&rsquo;un film \u00e0 l&rsquo;autre, tels les morceaux d&rsquo;une vie recompos\u00e9e.<\/p>\n<h2>Une protagoniste face \u00e0 un combat personnel et une critique sociale<\/h2>\n<p>Dans <em>Love Me Tender<\/em>, Vicky Krieps tient le r\u00f4le principal, fid\u00e8le \u00e0 ses choix de personnages d\u00e9fiant les normes \u00e9tablies. Elle incarne un personnage inspir\u00e9 de Constance Debr\u00e9, femme ind\u00e9pendante et affirm\u00e9e, dont la vie bascule lorsqu\u2019elle annonce \u00e0 son ex-mari ses relations avec des femmes. Cette r\u00e9v\u00e9lation entra\u00eene des repr\u00e9sailles judiciaires qui aboutissent \u00e0 sa perte de la garde de son fils. Antoine Reinartz d\u00e9peint brillamment le p\u00e8re, implacable et vindicatif. Le film met en exergue une triste r\u00e9alit\u00e9 : le syst\u00e8me judiciaire, pr\u00e9tendument neutre, peut se transformer en un instrument de contr\u00f4le moral, sanctionnant les femmes qui rejettent le mod\u00e8le maternel traditionnel.<\/p>\n<h2>Une mise en sc\u00e8ne esth\u00e9tique qui affaiblit le message<\/h2>\n<p>Bien que le film suscite l&#8217;empathie, son traitement visuel et narratif semble compromettre la force du sujet. Dans sa qu\u00eate d&rsquo;une esth\u00e9tique sinc\u00e8re \u2014 lumi\u00e8re soign\u00e9e, sc\u00e8nes nocturnes intimes, nudit\u00e9 naturelle, ambiance m\u00e9lancolique \u2014 le film tombe dans un formalisme pr\u00e9visible. Les \u00e9l\u00e9ments de cet \u00ab univers lesbien \u00bb deviennent presque des clich\u00e9s : d\u00e9sirs nocturnes, d\u00e9ambulations urbaines, bains communs, attitudes nonchalantes. Cette recherche d\u2019une \u00ab \u00e9motion juste \u00bb conduit \u00e0 une mise en sc\u00e8ne soign\u00e9e, mais pr\u00e9visible, qui tend \u00e0 att\u00e9nuer la duret\u00e9 du propos.<\/p>\n<h2>Un r\u00e9cit d&rsquo;\u00e9mancipation et de rupture sociale<\/h2>\n<p>Au-del\u00e0 de la question de l\u2019identit\u00e9 sexuelle, <em>Love Me Tender<\/em> explore \u00e9galement le d\u00e9classement volontaire. Constance, issue d&rsquo;un milieu ais\u00e9, renonce \u00e0 sa carri\u00e8re d&rsquo;avocate pour mener une vie plus marginale, marqu\u00e9e par la pr\u00e9carit\u00e9 et l&rsquo;\u00e9criture. Cette trahison de classe ajoute de la profondeur au r\u00e9cit, bien que trait\u00e9e de mani\u00e8re moins percutante que dans <em>\u00c0 pied d&rsquo;\u0153uvre<\/em> de Val\u00e9rie Donzelli, sorti la m\u00eame ann\u00e9e, qui revisite la figure de l\u2019artiste tourment\u00e9 avec plus de nuance.<\/p>\n<h2>Conclusion : un film engag\u00e9 mais pi\u00e9g\u00e9 par ses propres codes<\/h2>\n<p><em>Love Me Tender<\/em> exprime une col\u00e8re l\u00e9gitime contre un syst\u00e8me patriarcal et oppressif, tout en c\u00e9l\u00e9brant la libert\u00e9 d&rsquo;une femme refusant les r\u00f4les impos\u00e9s. Cependant, en s\u2019adaptant aux formes attendues du cin\u00e9ma d\u2019auteur contemporain, le film bride la port\u00e9e de son message. Malgr\u00e9 la performance habit\u00e9e de Vicky Krieps et l\u2019intensit\u00e9 du sujet, l\u2019\u0153uvre oscille entre r\u00e9volte authentique et esth\u00e9tisme trop contr\u00f4l\u00e9, peinant \u00e0 sortir des conventions du genre qu\u2019elle aspire \u00e0 bouleverser.<\/p>\n<h2>Articles Similaires<\/h2>\n<\/p>\n<p>\u00ab\u00a0`<\/p>","protected":false},"excerpt":{"rendered":"<p>\u00ab\u00a0`html Une figure lesbienne dans le cin\u00e9ma fran\u00e7ais contemporain L&rsquo;adaptation du livre autobiographique de Constance Debr\u00e9 par Anna Cazenave Cambet se positionne dans une tendance r\u00e9cente du cin\u00e9ma fran\u00e7ais cherchant \u00e0 offrir une visibilit\u00e9 accrue aux personnages lesbiens. En 2025, plusieurs films majeurs ont mis en sc\u00e8ne des h\u00e9ro\u00efnes lesbiennes, cr\u00e9ant ainsi un \u00ab univers&hellip;&nbsp;<a href=\"https:\/\/drapeaux-lesbienne.fr\/it\/portrait-dune-mere-lesbienne-face-a-linjustice-entre-revolte-intime-et-cliches-esthetiques\/\" rel=\"bookmark\"><span class=\"screen-reader-text\">Portrait d&rsquo;une m\u00e8re lesbienne face \u00e0 l&rsquo;injustice : entre r\u00e9volte intime et clich\u00e9s esth\u00e9tiques<\/span><\/a><\/p>","protected":false},"author":1,"featured_media":4251,"comment_status":"open","ping_status":"open","sticky":false,"template":"","format":"standard","meta":{"neve_meta_sidebar":"","neve_meta_container":"","neve_meta_enable_content_width":"","neve_meta_content_width":0,"neve_meta_title_alignment":"","neve_meta_author_avatar":"","neve_post_elements_order":"","neve_meta_disable_header":"","neve_meta_disable_footer":"","neve_meta_disable_title":"","_jetpack_memberships_contains_paid_content":false,"footnotes":""},"categories":[26],"tags":[],"class_list":["post-4250","post","type-post","status-publish","format-standard","has-post-thumbnail","hentry","category-actualites"],"yoast_head":"<!-- This site is optimized with the Yoast SEO plugin v26.8 - https:\/\/yoast.com\/product\/yoast-seo-wordpress\/ -->\n<title>Portrait d&#039;une m\u00e8re lesbienne face \u00e0 l&#039;injustice : entre r\u00e9volte intime et clich\u00e9s esth\u00e9tiques - Drapeau Lesbienne<\/title>\n<meta name=\"robots\" content=\"index, follow, max-snippet:-1, max-image-preview:large, max-video-preview:-1\" \/>\n<link rel=\"canonical\" href=\"https:\/\/drapeaux-lesbienne.fr\/it\/portrait-dune-mere-lesbienne-face-a-linjustice-entre-revolte-intime-et-cliches-esthetiques\/\" \/>\n<meta property=\"og:locale\" content=\"it_IT\" \/>\n<meta property=\"og:type\" content=\"article\" \/>\n<meta property=\"og:title\" content=\"Portrait d&#039;une m\u00e8re lesbienne face \u00e0 l&#039;injustice : entre r\u00e9volte intime et clich\u00e9s esth\u00e9tiques - Drapeau Lesbienne\" \/>\n<meta property=\"og:description\" content=\"\u00ab\u00a0`html Une figure lesbienne dans le cin\u00e9ma fran\u00e7ais contemporain L&rsquo;adaptation du livre autobiographique de Constance Debr\u00e9 par Anna Cazenave Cambet se positionne dans une tendance r\u00e9cente du cin\u00e9ma fran\u00e7ais cherchant \u00e0 offrir une visibilit\u00e9 accrue aux personnages lesbiens. En 2025, plusieurs films majeurs ont mis en sc\u00e8ne des h\u00e9ro\u00efnes lesbiennes, cr\u00e9ant ainsi un \u00ab univers&hellip;&nbsp;Portrait d&rsquo;une m\u00e8re lesbienne face \u00e0 l&rsquo;injustice : entre r\u00e9volte intime et clich\u00e9s esth\u00e9tiques\" \/>\n<meta property=\"og:url\" content=\"https:\/\/drapeaux-lesbienne.fr\/it\/portrait-dune-mere-lesbienne-face-a-linjustice-entre-revolte-intime-et-cliches-esthetiques\/\" \/>\n<meta property=\"og:site_name\" content=\"Drapeau Lesbienne\" \/>\n<meta property=\"article:published_time\" content=\"2025-12-12T11:07:01+00:00\" \/>\n<meta property=\"article:modified_time\" content=\"2025-12-22T13:54:58+00:00\" \/>\n<meta property=\"og:image\" content=\"http:\/\/drapeaux-lesbienne.fr\/wp-content\/uploads\/2025\/12\/693bf76281cce.png\" \/>\n\t<meta property=\"og:image:width\" content=\"1024\" \/>\n\t<meta property=\"og:image:height\" content=\"1024\" \/>\n\t<meta property=\"og:image:type\" content=\"image\/png\" \/>\n<meta name=\"author\" content=\"Maria458\" \/>\n<meta name=\"twitter:card\" content=\"summary_large_image\" \/>\n<meta name=\"twitter:creator\" content=\"@drapeaulesbien\" \/>\n<meta name=\"twitter:label1\" content=\"Scritto da\" \/>\n\t<meta name=\"twitter:data1\" content=\"Maria458\" \/>\n\t<meta name=\"twitter:label2\" content=\"Tempo di lettura stimato\" \/>\n\t<meta name=\"twitter:data2\" content=\"3 minuti\" \/>\n<script type=\"application\/ld+json\" class=\"yoast-schema-graph\">{\"@context\":\"https:\/\/schema.org\",\"@graph\":[{\"@type\":\"Article\",\"@id\":\"https:\/\/drapeaux-lesbienne.fr\/portrait-dune-mere-lesbienne-face-a-linjustice-entre-revolte-intime-et-cliches-esthetiques\/#article\",\"isPartOf\":{\"@id\":\"https:\/\/drapeaux-lesbienne.fr\/portrait-dune-mere-lesbienne-face-a-linjustice-entre-revolte-intime-et-cliches-esthetiques\/\"},\"author\":{\"name\":\"Maria458\",\"@id\":\"https:\/\/drapeaux-lesbienne.fr\/#\/schema\/person\/a8b5bccdc811cdee38d3b61eb337fd14\"},\"headline\":\"Portrait d&rsquo;une m\u00e8re lesbienne face \u00e0 l&rsquo;injustice : entre r\u00e9volte intime et clich\u00e9s esth\u00e9tiques\",\"datePublished\":\"2025-12-12T11:07:01+00:00\",\"dateModified\":\"2025-12-22T13:54:58+00:00\",\"mainEntityOfPage\":{\"@id\":\"https:\/\/drapeaux-lesbienne.fr\/portrait-dune-mere-lesbienne-face-a-linjustice-entre-revolte-intime-et-cliches-esthetiques\/\"},\"wordCount\":565,\"commentCount\":0,\"publisher\":{\"@id\":\"https:\/\/drapeaux-lesbienne.fr\/#organization\"},\"image\":{\"@id\":\"https:\/\/drapeaux-lesbienne.fr\/portrait-dune-mere-lesbienne-face-a-linjustice-entre-revolte-intime-et-cliches-esthetiques\/#primaryimage\"},\"thumbnailUrl\":\"https:\/\/i0.wp.com\/drapeaux-lesbienne.fr\/wp-content\/uploads\/2025\/12\/693bf76281cce.png?fit=1024%2C1024&ssl=1\",\"articleSection\":[\"Actualit\u00e9s\"],\"inLanguage\":\"it-IT\",\"potentialAction\":[{\"@type\":\"CommentAction\",\"name\":\"Comment\",\"target\":[\"https:\/\/drapeaux-lesbienne.fr\/portrait-dune-mere-lesbienne-face-a-linjustice-entre-revolte-intime-et-cliches-esthetiques\/#respond\"]}]},{\"@type\":\"WebPage\",\"@id\":\"https:\/\/drapeaux-lesbienne.fr\/portrait-dune-mere-lesbienne-face-a-linjustice-entre-revolte-intime-et-cliches-esthetiques\/\",\"url\":\"https:\/\/drapeaux-lesbienne.fr\/portrait-dune-mere-lesbienne-face-a-linjustice-entre-revolte-intime-et-cliches-esthetiques\/\",\"name\":\"Portrait d'une m\u00e8re lesbienne face \u00e0 l'injustice : entre r\u00e9volte intime et clich\u00e9s esth\u00e9tiques - Drapeau Lesbienne\",\"isPartOf\":{\"@id\":\"https:\/\/drapeaux-lesbienne.fr\/#website\"},\"primaryImageOfPage\":{\"@id\":\"https:\/\/drapeaux-lesbienne.fr\/portrait-dune-mere-lesbienne-face-a-linjustice-entre-revolte-intime-et-cliches-esthetiques\/#primaryimage\"},\"image\":{\"@id\":\"https:\/\/drapeaux-lesbienne.fr\/portrait-dune-mere-lesbienne-face-a-linjustice-entre-revolte-intime-et-cliches-esthetiques\/#primaryimage\"},\"thumbnailUrl\":\"https:\/\/i0.wp.com\/drapeaux-lesbienne.fr\/wp-content\/uploads\/2025\/12\/693bf76281cce.png?fit=1024%2C1024&ssl=1\",\"datePublished\":\"2025-12-12T11:07:01+00:00\",\"dateModified\":\"2025-12-22T13:54:58+00:00\",\"breadcrumb\":{\"@id\":\"https:\/\/drapeaux-lesbienne.fr\/portrait-dune-mere-lesbienne-face-a-linjustice-entre-revolte-intime-et-cliches-esthetiques\/#breadcrumb\"},\"inLanguage\":\"it-IT\",\"potentialAction\":[{\"@type\":\"ReadAction\",\"target\":[\"https:\/\/drapeaux-lesbienne.fr\/portrait-dune-mere-lesbienne-face-a-linjustice-entre-revolte-intime-et-cliches-esthetiques\/\"]}]},{\"@type\":\"ImageObject\",\"inLanguage\":\"it-IT\",\"@id\":\"https:\/\/drapeaux-lesbienne.fr\/portrait-dune-mere-lesbienne-face-a-linjustice-entre-revolte-intime-et-cliches-esthetiques\/#primaryimage\",\"url\":\"https:\/\/i0.wp.com\/drapeaux-lesbienne.fr\/wp-content\/uploads\/2025\/12\/693bf76281cce.png?fit=1024%2C1024&ssl=1\",\"contentUrl\":\"https:\/\/i0.wp.com\/drapeaux-lesbienne.fr\/wp-content\/uploads\/2025\/12\/693bf76281cce.png?fit=1024%2C1024&ssl=1\",\"width\":1024,\"height\":1024,\"caption\":\"Portrait d'une m\u00e8re lesbienne face \u00e0 l'injustice : entre r\u00e9volte intime et clich\u00e9s esth\u00e9tiques\"},{\"@type\":\"BreadcrumbList\",\"@id\":\"https:\/\/drapeaux-lesbienne.fr\/portrait-dune-mere-lesbienne-face-a-linjustice-entre-revolte-intime-et-cliches-esthetiques\/#breadcrumb\",\"itemListElement\":[{\"@type\":\"ListItem\",\"position\":1,\"name\":\"Accueil\",\"item\":\"https:\/\/drapeaux-lesbienne.fr\/\"},{\"@type\":\"ListItem\",\"position\":2,\"name\":\"Portrait d&rsquo;une m\u00e8re lesbienne face \u00e0 l&rsquo;injustice : entre r\u00e9volte intime et clich\u00e9s esth\u00e9tiques\"}]},{\"@type\":\"WebSite\",\"@id\":\"https:\/\/drapeaux-lesbienne.fr\/#website\",\"url\":\"https:\/\/drapeaux-lesbienne.fr\/\",\"name\":\"Drapeaux Lesbienne\",\"description\":\"D\u00e9couvrir les Drapeaux Lesbienne\",\"publisher\":{\"@id\":\"https:\/\/drapeaux-lesbienne.fr\/#organization\"},\"potentialAction\":[{\"@type\":\"SearchAction\",\"target\":{\"@type\":\"EntryPoint\",\"urlTemplate\":\"https:\/\/drapeaux-lesbienne.fr\/?s={search_term_string}\"},\"query-input\":{\"@type\":\"PropertyValueSpecification\",\"valueRequired\":true,\"valueName\":\"search_term_string\"}}],\"inLanguage\":\"it-IT\"},{\"@type\":\"Organization\",\"@id\":\"https:\/\/drapeaux-lesbienne.fr\/#organization\",\"name\":\"Drapeaux Lesbienne\",\"url\":\"https:\/\/drapeaux-lesbienne.fr\/\",\"logo\":{\"@type\":\"ImageObject\",\"inLanguage\":\"it-IT\",\"@id\":\"https:\/\/drapeaux-lesbienne.fr\/#\/schema\/logo\/image\/\",\"url\":\"https:\/\/i0.wp.com\/drapeaux-lesbienne.fr\/wp-content\/uploads\/2024\/06\/drapeaux-lesbienne-icon.jpg?fit=512%2C512&ssl=1\",\"contentUrl\":\"https:\/\/i0.wp.com\/drapeaux-lesbienne.fr\/wp-content\/uploads\/2024\/06\/drapeaux-lesbienne-icon.jpg?fit=512%2C512&ssl=1\",\"width\":512,\"height\":512,\"caption\":\"Drapeaux Lesbienne\"},\"image\":{\"@id\":\"https:\/\/drapeaux-lesbienne.fr\/#\/schema\/logo\/image\/\"}},{\"@type\":\"Person\",\"@id\":\"https:\/\/drapeaux-lesbienne.fr\/#\/schema\/person\/a8b5bccdc811cdee38d3b61eb337fd14\",\"name\":\"Maria458\",\"image\":{\"@type\":\"ImageObject\",\"inLanguage\":\"it-IT\",\"@id\":\"https:\/\/drapeaux-lesbienne.fr\/#\/schema\/person\/image\/\",\"url\":\"https:\/\/secure.gravatar.com\/avatar\/54e292c37e3a26a39ec0374211533335aae507576f52a51493c07cbe6b1dcdf4?s=96&d=mm&r=g\",\"contentUrl\":\"https:\/\/secure.gravatar.com\/avatar\/54e292c37e3a26a39ec0374211533335aae507576f52a51493c07cbe6b1dcdf4?s=96&d=mm&r=g\",\"caption\":\"Maria458\"},\"sameAs\":[\"http:\/\/drapeaux-lesbienne.fr\",\"https:\/\/www.pinterest.fr\/drapeaulesbienne\/\",\"https:\/\/x.com\/drapeaulesbien\",\"https:\/\/www.tumblr.com\/blog\/drapeau-lesbienne\"]}]}<\/script>\n<!-- \/ Yoast SEO plugin. -->","yoast_head_json":{"title":"Portrait d'une m\u00e8re lesbienne face \u00e0 l'injustice : entre r\u00e9volte intime et clich\u00e9s esth\u00e9tiques - Drapeau Lesbienne","robots":{"index":"index","follow":"follow","max-snippet":"max-snippet:-1","max-image-preview":"max-image-preview:large","max-video-preview":"max-video-preview:-1"},"canonical":"https:\/\/drapeaux-lesbienne.fr\/it\/portrait-dune-mere-lesbienne-face-a-linjustice-entre-revolte-intime-et-cliches-esthetiques\/","og_locale":"it_IT","og_type":"article","og_title":"Portrait d'une m\u00e8re lesbienne face \u00e0 l'injustice : entre r\u00e9volte intime et clich\u00e9s esth\u00e9tiques - Drapeau Lesbienne","og_description":"\u00ab\u00a0`html Une figure lesbienne dans le cin\u00e9ma fran\u00e7ais contemporain L&rsquo;adaptation du livre autobiographique de Constance Debr\u00e9 par Anna Cazenave Cambet se positionne dans une tendance r\u00e9cente du cin\u00e9ma fran\u00e7ais cherchant \u00e0 offrir une visibilit\u00e9 accrue aux personnages lesbiens. En 2025, plusieurs films majeurs ont mis en sc\u00e8ne des h\u00e9ro\u00efnes lesbiennes, cr\u00e9ant ainsi un \u00ab univers&hellip;&nbsp;Portrait d&rsquo;une m\u00e8re lesbienne face \u00e0 l&rsquo;injustice : entre r\u00e9volte intime et clich\u00e9s esth\u00e9tiques","og_url":"https:\/\/drapeaux-lesbienne.fr\/it\/portrait-dune-mere-lesbienne-face-a-linjustice-entre-revolte-intime-et-cliches-esthetiques\/","og_site_name":"Drapeau Lesbienne","article_published_time":"2025-12-12T11:07:01+00:00","article_modified_time":"2025-12-22T13:54:58+00:00","og_image":[{"width":1024,"height":1024,"url":"http:\/\/drapeaux-lesbienne.fr\/wp-content\/uploads\/2025\/12\/693bf76281cce.png","type":"image\/png"}],"author":"Maria458","twitter_card":"summary_large_image","twitter_creator":"@drapeaulesbien","twitter_misc":{"Scritto da":"Maria458","Tempo di lettura stimato":"3 minuti"},"schema":{"@context":"https:\/\/schema.org","@graph":[{"@type":"Article","@id":"https:\/\/drapeaux-lesbienne.fr\/portrait-dune-mere-lesbienne-face-a-linjustice-entre-revolte-intime-et-cliches-esthetiques\/#article","isPartOf":{"@id":"https:\/\/drapeaux-lesbienne.fr\/portrait-dune-mere-lesbienne-face-a-linjustice-entre-revolte-intime-et-cliches-esthetiques\/"},"author":{"name":"Maria458","@id":"https:\/\/drapeaux-lesbienne.fr\/#\/schema\/person\/a8b5bccdc811cdee38d3b61eb337fd14"},"headline":"Portrait d&rsquo;une m\u00e8re lesbienne face \u00e0 l&rsquo;injustice : entre r\u00e9volte intime et clich\u00e9s esth\u00e9tiques","datePublished":"2025-12-12T11:07:01+00:00","dateModified":"2025-12-22T13:54:58+00:00","mainEntityOfPage":{"@id":"https:\/\/drapeaux-lesbienne.fr\/portrait-dune-mere-lesbienne-face-a-linjustice-entre-revolte-intime-et-cliches-esthetiques\/"},"wordCount":565,"commentCount":0,"publisher":{"@id":"https:\/\/drapeaux-lesbienne.fr\/#organization"},"image":{"@id":"https:\/\/drapeaux-lesbienne.fr\/portrait-dune-mere-lesbienne-face-a-linjustice-entre-revolte-intime-et-cliches-esthetiques\/#primaryimage"},"thumbnailUrl":"https:\/\/i0.wp.com\/drapeaux-lesbienne.fr\/wp-content\/uploads\/2025\/12\/693bf76281cce.png?fit=1024%2C1024&ssl=1","articleSection":["Actualit\u00e9s"],"inLanguage":"it-IT","potentialAction":[{"@type":"CommentAction","name":"Comment","target":["https:\/\/drapeaux-lesbienne.fr\/portrait-dune-mere-lesbienne-face-a-linjustice-entre-revolte-intime-et-cliches-esthetiques\/#respond"]}]},{"@type":"WebPage","@id":"https:\/\/drapeaux-lesbienne.fr\/portrait-dune-mere-lesbienne-face-a-linjustice-entre-revolte-intime-et-cliches-esthetiques\/","url":"https:\/\/drapeaux-lesbienne.fr\/portrait-dune-mere-lesbienne-face-a-linjustice-entre-revolte-intime-et-cliches-esthetiques\/","name":"Portrait d'une m\u00e8re lesbienne face \u00e0 l'injustice : entre r\u00e9volte intime et clich\u00e9s esth\u00e9tiques - Drapeau Lesbienne","isPartOf":{"@id":"https:\/\/drapeaux-lesbienne.fr\/#website"},"primaryImageOfPage":{"@id":"https:\/\/drapeaux-lesbienne.fr\/portrait-dune-mere-lesbienne-face-a-linjustice-entre-revolte-intime-et-cliches-esthetiques\/#primaryimage"},"image":{"@id":"https:\/\/drapeaux-lesbienne.fr\/portrait-dune-mere-lesbienne-face-a-linjustice-entre-revolte-intime-et-cliches-esthetiques\/#primaryimage"},"thumbnailUrl":"https:\/\/i0.wp.com\/drapeaux-lesbienne.fr\/wp-content\/uploads\/2025\/12\/693bf76281cce.png?fit=1024%2C1024&ssl=1","datePublished":"2025-12-12T11:07:01+00:00","dateModified":"2025-12-22T13:54:58+00:00","breadcrumb":{"@id":"https:\/\/drapeaux-lesbienne.fr\/portrait-dune-mere-lesbienne-face-a-linjustice-entre-revolte-intime-et-cliches-esthetiques\/#breadcrumb"},"inLanguage":"it-IT","potentialAction":[{"@type":"ReadAction","target":["https:\/\/drapeaux-lesbienne.fr\/portrait-dune-mere-lesbienne-face-a-linjustice-entre-revolte-intime-et-cliches-esthetiques\/"]}]},{"@type":"ImageObject","inLanguage":"it-IT","@id":"https:\/\/drapeaux-lesbienne.fr\/portrait-dune-mere-lesbienne-face-a-linjustice-entre-revolte-intime-et-cliches-esthetiques\/#primaryimage","url":"https:\/\/i0.wp.com\/drapeaux-lesbienne.fr\/wp-content\/uploads\/2025\/12\/693bf76281cce.png?fit=1024%2C1024&ssl=1","contentUrl":"https:\/\/i0.wp.com\/drapeaux-lesbienne.fr\/wp-content\/uploads\/2025\/12\/693bf76281cce.png?fit=1024%2C1024&ssl=1","width":1024,"height":1024,"caption":"Portrait d'une m\u00e8re lesbienne face \u00e0 l'injustice : entre r\u00e9volte intime et clich\u00e9s esth\u00e9tiques"},{"@type":"BreadcrumbList","@id":"https:\/\/drapeaux-lesbienne.fr\/portrait-dune-mere-lesbienne-face-a-linjustice-entre-revolte-intime-et-cliches-esthetiques\/#breadcrumb","itemListElement":[{"@type":"ListItem","position":1,"name":"Accueil","item":"https:\/\/drapeaux-lesbienne.fr\/"},{"@type":"ListItem","position":2,"name":"Portrait d&rsquo;une m\u00e8re lesbienne face \u00e0 l&rsquo;injustice : entre r\u00e9volte intime et clich\u00e9s esth\u00e9tiques"}]},{"@type":"WebSite","@id":"https:\/\/drapeaux-lesbienne.fr\/#website","url":"https:\/\/drapeaux-lesbienne.fr\/","name":"Bandiere Lesbiche","description":"D\u00e9couvrir les Drapeaux Lesbienne","publisher":{"@id":"https:\/\/drapeaux-lesbienne.fr\/#organization"},"potentialAction":[{"@type":"SearchAction","target":{"@type":"EntryPoint","urlTemplate":"https:\/\/drapeaux-lesbienne.fr\/?s={search_term_string}"},"query-input":{"@type":"PropertyValueSpecification","valueRequired":true,"valueName":"search_term_string"}}],"inLanguage":"it-IT"},{"@type":"Organization","@id":"https:\/\/drapeaux-lesbienne.fr\/#organization","name":"Bandiere Lesbiche","url":"https:\/\/drapeaux-lesbienne.fr\/","logo":{"@type":"ImageObject","inLanguage":"it-IT","@id":"https:\/\/drapeaux-lesbienne.fr\/#\/schema\/logo\/image\/","url":"https:\/\/i0.wp.com\/drapeaux-lesbienne.fr\/wp-content\/uploads\/2024\/06\/drapeaux-lesbienne-icon.jpg?fit=512%2C512&ssl=1","contentUrl":"https:\/\/i0.wp.com\/drapeaux-lesbienne.fr\/wp-content\/uploads\/2024\/06\/drapeaux-lesbienne-icon.jpg?fit=512%2C512&ssl=1","width":512,"height":512,"caption":"Drapeaux Lesbienne"},"image":{"@id":"https:\/\/drapeaux-lesbienne.fr\/#\/schema\/logo\/image\/"}},{"@type":"Person","@id":"https:\/\/drapeaux-lesbienne.fr\/#\/schema\/person\/a8b5bccdc811cdee38d3b61eb337fd14","name":"Maria458","image":{"@type":"ImageObject","inLanguage":"it-IT","@id":"https:\/\/drapeaux-lesbienne.fr\/#\/schema\/person\/image\/","url":"https:\/\/secure.gravatar.com\/avatar\/54e292c37e3a26a39ec0374211533335aae507576f52a51493c07cbe6b1dcdf4?s=96&d=mm&r=g","contentUrl":"https:\/\/secure.gravatar.com\/avatar\/54e292c37e3a26a39ec0374211533335aae507576f52a51493c07cbe6b1dcdf4?s=96&d=mm&r=g","caption":"Maria458"},"sameAs":["http:\/\/drapeaux-lesbienne.fr","https:\/\/www.pinterest.fr\/drapeaulesbienne\/","https:\/\/x.com\/drapeaulesbien","https:\/\/www.tumblr.com\/blog\/drapeau-lesbienne"]}]}},"jetpack_featured_media_url":"https:\/\/i0.wp.com\/drapeaux-lesbienne.fr\/wp-content\/uploads\/2025\/12\/693bf76281cce.png?fit=1024%2C1024&ssl=1","jetpack_sharing_enabled":true,"_links":{"self":[{"href":"https:\/\/drapeaux-lesbienne.fr\/it\/wp-json\/wp\/v2\/posts\/4250","targetHints":{"allow":["GET"]}}],"collection":[{"href":"https:\/\/drapeaux-lesbienne.fr\/it\/wp-json\/wp\/v2\/posts"}],"about":[{"href":"https:\/\/drapeaux-lesbienne.fr\/it\/wp-json\/wp\/v2\/types\/post"}],"author":[{"embeddable":true,"href":"https:\/\/drapeaux-lesbienne.fr\/it\/wp-json\/wp\/v2\/users\/1"}],"replies":[{"embeddable":true,"href":"https:\/\/drapeaux-lesbienne.fr\/it\/wp-json\/wp\/v2\/comments?post=4250"}],"version-history":[{"count":1,"href":"https:\/\/drapeaux-lesbienne.fr\/it\/wp-json\/wp\/v2\/posts\/4250\/revisions"}],"predecessor-version":[{"id":4335,"href":"https:\/\/drapeaux-lesbienne.fr\/it\/wp-json\/wp\/v2\/posts\/4250\/revisions\/4335"}],"wp:featuredmedia":[{"embeddable":true,"href":"https:\/\/drapeaux-lesbienne.fr\/it\/wp-json\/wp\/v2\/media\/4251"}],"wp:attachment":[{"href":"https:\/\/drapeaux-lesbienne.fr\/it\/wp-json\/wp\/v2\/media?parent=4250"}],"wp:term":[{"taxonomy":"category","embeddable":true,"href":"https:\/\/drapeaux-lesbienne.fr\/it\/wp-json\/wp\/v2\/categories?post=4250"},{"taxonomy":"post_tag","embeddable":true,"href":"https:\/\/drapeaux-lesbienne.fr\/it\/wp-json\/wp\/v2\/tags?post=4250"}],"curies":[{"name":"wp","href":"https:\/\/api.w.org\/{rel}","templated":true}]}}